{"id":89087,"date":"2025-01-04T11:36:05","date_gmt":"2025-01-04T14:36:05","guid":{"rendered":"https:\/\/www.todoeldia.com\/?p=89087"},"modified":"2025-01-04T11:36:06","modified_gmt":"2025-01-04T14:36:06","slug":"alerta-hoy-por-tormentas-y-granizo-salta-una-de-las-seis-provincias-afectadas","status":"publish","type":"post","link":"https:\/\/www.todoeldia.com\/index.php\/2025\/01\/04\/alerta-hoy-por-tormentas-y-granizo-salta-una-de-las-seis-provincias-afectadas\/","title":{"rendered":"Alerta hoy por tormentas y granizo: Salta una de las seis provincias afectadas"},"content":{"rendered":"\n<p>Sigue este s\u00e1bado el mal clima en varias zonas del pa\u00eds. Qu\u00e9 dice el Servicio Meteorol\u00f3gico Nacional.<\/p>\n\n\n\n<p>Se espera que el primer fin de semana del a\u00f1o tenga malas condiciones del clima en diferentes zonas del pa\u00eds, por lo que el Servicio Meteorol\u00f3gico Nacional (SMN) relanz\u00f3 un alerta por tormentas fuertes con posible ca\u00edda de granizo y r\u00e1fagas.<\/p>\n\n\n\n<figure class=\"wp-block-image size-full is-resized\"><img loading=\"lazy\" decoding=\"async\" width=\"630\" height=\"314\" src=\"https:\/\/www.todoeldia.com\/wp-content\/uploads\/2025\/01\/image-16.png\" alt=\"\" class=\"wp-image-89089\" style=\"width:1053px;height:auto\" srcset=\"https:\/\/www.todoeldia.com\/wp-content\/uploads\/2025\/01\/image-16.png 630w, https:\/\/www.todoeldia.com\/wp-content\/uploads\/2025\/01\/image-16-300x150.png 300w, https:\/\/www.todoeldia.com\/wp-content\/uploads\/2025\/01\/image-16-324x160.png 324w\" sizes=\"auto, (max-width: 630px) 100vw, 630px\" \/><\/figure>\n\n\n\n<p>De esta manera, el SMN manten\u00eda un alerta amarillo que rige este s\u00e1bado en zonas de Salta y Jujuy, con algunas regiones en alerta naranja; San Luis, Mendoza, R\u00edo Negro y Chubut.<\/p>\n\n\n\n<p><strong>Alerta amarillo por tormentas<\/strong><\/p>\n\n\n\n<figure class=\"wp-block-image size-full is-resized\"><img loading=\"lazy\" decoding=\"async\" width=\"455\" height=\"427\" src=\"https:\/\/www.todoeldia.com\/wp-content\/uploads\/2025\/01\/image-18.png\" alt=\"\" class=\"wp-image-89091\" style=\"width:1053px;height:auto\" srcset=\"https:\/\/www.todoeldia.com\/wp-content\/uploads\/2025\/01\/image-18.png 455w, https:\/\/www.todoeldia.com\/wp-content\/uploads\/2025\/01\/image-18-300x282.png 300w, https:\/\/www.todoeldia.com\/wp-content\/uploads\/2025\/01\/image-18-448x420.png 448w\" sizes=\"auto, (max-width: 455px) 100vw, 455px\" \/><\/figure>\n\n\n\n<p>De acuerdo con el reporte del SMN, en zonas con alerta amarillo del norte y del sur del pa\u00eds, \u201cel \u00e1rea ser\u00e1 afectada por tormentas aisladas, algunas localmente fuertes. Las mismas estar\u00e1n acompa\u00f1adas por r\u00e1fagas de hasta 60 km\/h, ocasional ca\u00edda de granizo, fuerte actividad el\u00e9ctrica y principalmente, abundante ca\u00edda de agua en cortos per\u00edodos&#8221;.<\/p>\n\n\n\n<p>Se prev\u00e9n valores de precipitaci\u00f3n acumulada entre 15 y 30 mm, pudiendo ser superados en forma puntual.<\/p>\n\n\n\n<p>Para las zonas cordilleranas, el organismo prev\u00e9 que \u201cel \u00e1rea ser\u00e1 afectada por tormentas aisladas, algunas localmente fuertes o severas. Las mismas estar\u00e1n acompa\u00f1adas por abundantes lluvias en cortos per\u00edodos, r\u00e1fagas que pueden superar los 70 km\/h, ocasional ca\u00edda de granizo y fuerte actividad el\u00e9ctrica\u201d.<\/p>\n\n\n\n<p>En este caso, se prev\u00e9n valores de precipitaci\u00f3n acumulada entre 20 y 50 mm, que pueden ser superados de forma puntual.<\/p>\n","protected":false},"excerpt":{"rendered":"<p>Sigue este s\u00e1bado el mal clima en varias zonas del pa\u00eds. Qu\u00e9 dice el Servicio Meteorol\u00f3gico Nacional. Se espera que el primer fin de semana del a\u00f1o tenga malas condiciones del clima en diferentes zonas del pa\u00eds, por lo que el Servicio Meteorol\u00f3gico Nacional (SMN) relanz\u00f3 un alerta por tormentas fuertes con posible ca\u00edda de [&hellip;]<\/p>\n","protected":false},"author":2,"featured_media":89088,"comment_status":"open","ping_status":"open","sticky":false,"template":"","format":"standard","meta":{"tdm_status":"","tdm_grid_status":"","_joinchat":[],"footnotes":""},"categories":[73],"tags":[],"class_list":{"0":"post-89087","1":"post","2":"type-post","3":"status-publish","4":"format-standard","5":"has-post-thumbnail","7":"category-noticias-general"},"amp_enabled":true,"_links":{"self":[{"href":"https:\/\/www.todoeldia.com\/index.php\/wp-json\/wp\/v2\/posts\/89087","targetHints":{"allow":["GET"]}}],"collection":[{"href":"https:\/\/www.todoeldia.com\/index.php\/wp-json\/wp\/v2\/posts"}],"about":[{"href":"https:\/\/www.todoeldia.com\/index.php\/wp-json\/wp\/v2\/types\/post"}],"author":[{"embeddable":true,"href":"https:\/\/www.todoeldia.com\/index.php\/wp-json\/wp\/v2\/users\/2"}],"replies":[{"embeddable":true,"href":"https:\/\/www.todoeldia.com\/index.php\/wp-json\/wp\/v2\/comments?post=89087"}],"version-history":[{"count":1,"href":"https:\/\/www.todoeldia.com\/index.php\/wp-json\/wp\/v2\/posts\/89087\/revisions"}],"predecessor-version":[{"id":89092,"href":"https:\/\/www.todoeldia.com\/index.php\/wp-json\/wp\/v2\/posts\/89087\/revisions\/89092"}],"wp:featuredmedia":[{"embeddable":true,"href":"https:\/\/www.todoeldia.com\/index.php\/wp-json\/wp\/v2\/media\/89088"}],"wp:attachment":[{"href":"https:\/\/www.todoeldia.com\/index.php\/wp-json\/wp\/v2\/media?parent=89087"}],"wp:term":[{"taxonomy":"category","embeddable":true,"href":"https:\/\/www.todoeldia.com\/index.php\/wp-json\/wp\/v2\/categories?post=89087"},{"taxonomy":"post_tag","embeddable":true,"href":"https:\/\/www.todoeldia.com\/index.php\/wp-json\/wp\/v2\/tags?post=89087"}],"curies":[{"name":"wp","href":"https:\/\/api.w.org\/{rel}","templated":true}]}}