{"id":89526,"date":"2025-01-12T13:54:54","date_gmt":"2025-01-12T16:54:54","guid":{"rendered":"https:\/\/www.todoeldia.com\/?p=89526"},"modified":"2025-01-12T13:54:54","modified_gmt":"2025-01-12T16:54:54","slug":"el-turco-carabajal-fue-asesinado-a-punaladas-en-el-grupo-648-de-castanares","status":"publish","type":"post","link":"https:\/\/www.todoeldia.com\/index.php\/2025\/01\/12\/el-turco-carabajal-fue-asesinado-a-punaladas-en-el-grupo-648-de-castanares\/","title":{"rendered":"&#8220;El Turco&#8221; Carabajal, fue asesinado a pu\u00f1aladas en el grupo 648 de Casta\u00f1ares"},"content":{"rendered":"\n<p>Los vecinos del grupo 648 del Barrio Casta\u00f1ares se vieron sorprendidos esta madrugada por el homicidio de un conocido de la zona apodado \u201cel turco\u201d Willy Carabajal.<\/p>\n\n\n\n<p>El cuerpo fue encontrado por personas residentes en la zona, y seg\u00fan las primeras versiones extraoficiales falleci\u00f3 como consecuencia de varias pu\u00f1aladas debido a las heridas y manchas de sangre encontradas en el lugar.<\/p>\n\n\n\n<p>Personal de la Polic\u00eda y del CIF se hicieron presentes en el lugar luego de que el 911 recibiera varios llamados alertando sobre una persona herida y tendida en la calle.<\/p>\n","protected":false},"excerpt":{"rendered":"<p>Los vecinos del grupo 648 del Barrio Casta\u00f1ares se vieron sorprendidos esta madrugada por el homicidio de un conocido de la zona apodado \u201cel turco\u201d Willy Carabajal. El cuerpo fue encontrado por personas residentes en la zona, y seg\u00fan las primeras versiones extraoficiales falleci\u00f3 como consecuencia de varias pu\u00f1aladas debido a las heridas y manchas [&hellip;]<\/p>\n","protected":false},"author":2,"featured_media":25923,"comment_status":"open","ping_status":"open","sticky":false,"template":"","format":"standard","meta":{"tdm_status":"","tdm_grid_status":"","_joinchat":[],"footnotes":""},"categories":[63],"tags":[],"class_list":{"0":"post-89526","1":"post","2":"type-post","3":"status-publish","4":"format-standard","5":"has-post-thumbnail","7":"category-policiales"},"amp_enabled":true,"_links":{"self":[{"href":"https:\/\/www.todoeldia.com\/index.php\/wp-json\/wp\/v2\/posts\/89526","targetHints":{"allow":["GET"]}}],"collection":[{"href":"https:\/\/www.todoeldia.com\/index.php\/wp-json\/wp\/v2\/posts"}],"about":[{"href":"https:\/\/www.todoeldia.com\/index.php\/wp-json\/wp\/v2\/types\/post"}],"author":[{"embeddable":true,"href":"https:\/\/www.todoeldia.com\/index.php\/wp-json\/wp\/v2\/users\/2"}],"replies":[{"embeddable":true,"href":"https:\/\/www.todoeldia.com\/index.php\/wp-json\/wp\/v2\/comments?post=89526"}],"version-history":[{"count":1,"href":"https:\/\/www.todoeldia.com\/index.php\/wp-json\/wp\/v2\/posts\/89526\/revisions"}],"predecessor-version":[{"id":89527,"href":"https:\/\/www.todoeldia.com\/index.php\/wp-json\/wp\/v2\/posts\/89526\/revisions\/89527"}],"wp:featuredmedia":[{"embeddable":true,"href":"https:\/\/www.todoeldia.com\/index.php\/wp-json\/wp\/v2\/media\/25923"}],"wp:attachment":[{"href":"https:\/\/www.todoeldia.com\/index.php\/wp-json\/wp\/v2\/media?parent=89526"}],"wp:term":[{"taxonomy":"category","embeddable":true,"href":"https:\/\/www.todoeldia.com\/index.php\/wp-json\/wp\/v2\/categories?post=89526"},{"taxonomy":"post_tag","embeddable":true,"href":"https:\/\/www.todoeldia.com\/index.php\/wp-json\/wp\/v2\/tags?post=89526"}],"curies":[{"name":"wp","href":"https:\/\/api.w.org\/{rel}","templated":true}]}}