{"id":8994,"date":"2020-10-20T19:47:59","date_gmt":"2020-10-20T22:47:59","guid":{"rendered":"https:\/\/www.todoeldia.com\/?p=8994"},"modified":"2020-10-20T19:48:00","modified_gmt":"2020-10-20T22:48:00","slug":"el-gobernador-habilito-en-el-tala-mejoras-en-la-planta-de-tratamiento-de-agua","status":"publish","type":"post","link":"https:\/\/www.todoeldia.com\/index.php\/2020\/10\/20\/el-gobernador-habilito-en-el-tala-mejoras-en-la-planta-de-tratamiento-de-agua\/","title":{"rendered":"El Gobernador habilit\u00f3 en El Tala mejoras en la planta de tratamiento de agua"},"content":{"rendered":"\n<p>\u201dSeguimos trabajando para que cada vez sean m\u00e1s los salte\u00f1os que puedan acceder a los servicios b\u00e1sicos y mejorar su calidad de vida\u201d; indic\u00f3 el mandatario, quien adem\u00e1s recorri\u00f3 el Acueducto en el que la Provincia hizo reparaciones para ponerlo nuevamente en servicio, luego de los da\u00f1os sufridos por una crecida del r\u00edo.<\/p>\n\n\n\n<p>El gobernador&nbsp;Gustavo S\u00e1enz&nbsp;junto al intendente de El Tala&nbsp;Daniel Ponce&nbsp;verificaron la planta de tratamiento de agua en El Tala, en donde se habilit\u00f3 un nuevo filtro.&nbsp;\u201cSeguimos trabajando para que cada vez sean m\u00e1s los salte\u00f1os que puedan acceder a los servicios b\u00e1sicos y mejorar su calidad de vida\u201d,&nbsp;indic\u00f3 el mandatario.<\/p>\n\n\n\n<p>El&nbsp;Gobernador recorri\u00f3 la obra del Acueducto, donde la Provincia realiz\u00f3 reparaciones en los da\u00f1os provocados por la crecida del r\u00edo ocurrida a principios de este a\u00f1o, dej\u00e1ndolo fuera de servicio.<\/p>\n\n\n\n<p>Junto al municipio de El Tala, se hicieron tareas de restauraci\u00f3n de 440 metros del Acueducto y obras de mantenimiento, que abarcaron tambi\u00e9n a la planta de tratamiento de agua que actualmente est\u00e1 operativa.<\/p>\n\n\n\n<p>Tambi\u00e9n&nbsp;el Gobernador supervis\u00f3 la construcci\u00f3n de 10 viviendas que actualmente ejecuta el Instituto Provincial de la Vivienda, adem\u00e1s de 25 soluciones habitacionales y 15 n\u00facleos h\u00famedos.<\/p>\n","protected":false},"excerpt":{"rendered":"<p>\u201dSeguimos trabajando para que cada vez sean m\u00e1s los salte\u00f1os que puedan acceder a los servicios b\u00e1sicos y mejorar su calidad de vida\u201d; indic\u00f3 el mandatario, quien adem\u00e1s recorri\u00f3 el Acueducto en el que la Provincia hizo reparaciones para ponerlo nuevamente en servicio, luego de los da\u00f1os sufridos por una crecida del r\u00edo. El gobernador&nbsp;Gustavo [&hellip;]<\/p>\n","protected":false},"author":2,"featured_media":8995,"comment_status":"open","ping_status":"open","sticky":false,"template":"","format":"standard","meta":{"tdm_status":"","tdm_grid_status":"","_joinchat":[],"footnotes":""},"categories":[69],"tags":[],"class_list":{"0":"post-8994","1":"post","2":"type-post","3":"status-publish","4":"format-standard","5":"has-post-thumbnail","7":"category-salta"},"amp_enabled":true,"_links":{"self":[{"href":"https:\/\/www.todoeldia.com\/index.php\/wp-json\/wp\/v2\/posts\/8994","targetHints":{"allow":["GET"]}}],"collection":[{"href":"https:\/\/www.todoeldia.com\/index.php\/wp-json\/wp\/v2\/posts"}],"about":[{"href":"https:\/\/www.todoeldia.com\/index.php\/wp-json\/wp\/v2\/types\/post"}],"author":[{"embeddable":true,"href":"https:\/\/www.todoeldia.com\/index.php\/wp-json\/wp\/v2\/users\/2"}],"replies":[{"embeddable":true,"href":"https:\/\/www.todoeldia.com\/index.php\/wp-json\/wp\/v2\/comments?post=8994"}],"version-history":[{"count":1,"href":"https:\/\/www.todoeldia.com\/index.php\/wp-json\/wp\/v2\/posts\/8994\/revisions"}],"predecessor-version":[{"id":8996,"href":"https:\/\/www.todoeldia.com\/index.php\/wp-json\/wp\/v2\/posts\/8994\/revisions\/8996"}],"wp:featuredmedia":[{"embeddable":true,"href":"https:\/\/www.todoeldia.com\/index.php\/wp-json\/wp\/v2\/media\/8995"}],"wp:attachment":[{"href":"https:\/\/www.todoeldia.com\/index.php\/wp-json\/wp\/v2\/media?parent=8994"}],"wp:term":[{"taxonomy":"category","embeddable":true,"href":"https:\/\/www.todoeldia.com\/index.php\/wp-json\/wp\/v2\/categories?post=8994"},{"taxonomy":"post_tag","embeddable":true,"href":"https:\/\/www.todoeldia.com\/index.php\/wp-json\/wp\/v2\/tags?post=8994"}],"curies":[{"name":"wp","href":"https:\/\/api.w.org\/{rel}","templated":true}]}}