{"id":9008,"date":"2020-10-20T20:12:55","date_gmt":"2020-10-20T23:12:55","guid":{"rendered":"https:\/\/www.todoeldia.com\/?p=9008"},"modified":"2020-10-20T20:12:56","modified_gmt":"2020-10-20T23:12:56","slug":"tucuman-vuelve-a-registrar-mas-de-1-000-casos-de-covid-19-en-24-horas","status":"publish","type":"post","link":"https:\/\/www.todoeldia.com\/index.php\/2020\/10\/20\/tucuman-vuelve-a-registrar-mas-de-1-000-casos-de-covid-19-en-24-horas\/","title":{"rendered":"Tucum\u00e1n vuelve a registrar m\u00e1s de 1.000 casos de covid-19 en 24 horas"},"content":{"rendered":"\n<p>La provincia se acerca a los 40.000 contagios de coronavirus.<\/p>\n\n\n\n<p>Tucum\u00e1n sum\u00f3 1.134 nuevos contagios de covid-19 en las \u00faltimas 24 horas, la cifra m\u00e1s baja en los \u00faltimos 10 d\u00edas, y lleg\u00f3 a los 39.693 casos de coronavirus confirmados, inform\u00f3 el Ministerio de Salud de la Provincia.<\/p>\n\n\n\n<p>En el reporte diario difundido este mediod\u00eda se dieron a conocer 975 positivos para coronavirus: &nbsp; Capital (339); Cruz Alta (154), Taf\u00ed Viejo (109), Chicligasta (84), Yerba Buena (64), Leales (51), Lules (46), R\u00edo Chico (28), Monteros (22), Alberdi (17), Famaill\u00e1 (15), Simoca (15), Taf\u00ed del Valle (11), Burruyac\u00fa (10), La Cocha (7) y Trancas (3).<\/p>\n\n\n\n<p>En el reporte de esta tarde se sumaron 159 pacientes m\u00e1s. Noventa y ocho de Capital, 24 de Taf\u00ed Viejo, 14 de Cruz Alta, nueve de Yerba buena, cuatro de Burruyacu, tres de Taf\u00ed del Valle, dos de Lules, uno de Chicligasta, uno de Famaill\u00e1, uno de Graneros, uno de Leales y otro de R\u00edo Chico.<\/p>\n\n\n\n<p>Tucum\u00e1n sum\u00f3 39.693 contagios de coronavirus, de los cuales 23.992 se recuperaron, 648 fallecieron y el resto sigue como casos activos.<\/p>\n","protected":false},"excerpt":{"rendered":"<p>La provincia se acerca a los 40.000 contagios de coronavirus. Tucum\u00e1n sum\u00f3 1.134 nuevos contagios de covid-19 en las \u00faltimas 24 horas, la cifra m\u00e1s baja en los \u00faltimos 10 d\u00edas, y lleg\u00f3 a los 39.693 casos de coronavirus confirmados, inform\u00f3 el Ministerio de Salud de la Provincia. En el reporte diario difundido este mediod\u00eda [&hellip;]<\/p>\n","protected":false},"author":2,"featured_media":9009,"comment_status":"open","ping_status":"open","sticky":false,"template":"","format":"standard","meta":{"tdm_status":"","tdm_grid_status":"","_joinchat":[],"footnotes":""},"categories":[65],"tags":[],"class_list":{"0":"post-9008","1":"post","2":"type-post","3":"status-publish","4":"format-standard","5":"has-post-thumbnail","7":"category-coronavirus"},"amp_enabled":true,"_links":{"self":[{"href":"https:\/\/www.todoeldia.com\/index.php\/wp-json\/wp\/v2\/posts\/9008","targetHints":{"allow":["GET"]}}],"collection":[{"href":"https:\/\/www.todoeldia.com\/index.php\/wp-json\/wp\/v2\/posts"}],"about":[{"href":"https:\/\/www.todoeldia.com\/index.php\/wp-json\/wp\/v2\/types\/post"}],"author":[{"embeddable":true,"href":"https:\/\/www.todoeldia.com\/index.php\/wp-json\/wp\/v2\/users\/2"}],"replies":[{"embeddable":true,"href":"https:\/\/www.todoeldia.com\/index.php\/wp-json\/wp\/v2\/comments?post=9008"}],"version-history":[{"count":1,"href":"https:\/\/www.todoeldia.com\/index.php\/wp-json\/wp\/v2\/posts\/9008\/revisions"}],"predecessor-version":[{"id":9010,"href":"https:\/\/www.todoeldia.com\/index.php\/wp-json\/wp\/v2\/posts\/9008\/revisions\/9010"}],"wp:featuredmedia":[{"embeddable":true,"href":"https:\/\/www.todoeldia.com\/index.php\/wp-json\/wp\/v2\/media\/9009"}],"wp:attachment":[{"href":"https:\/\/www.todoeldia.com\/index.php\/wp-json\/wp\/v2\/media?parent=9008"}],"wp:term":[{"taxonomy":"category","embeddable":true,"href":"https:\/\/www.todoeldia.com\/index.php\/wp-json\/wp\/v2\/categories?post=9008"},{"taxonomy":"post_tag","embeddable":true,"href":"https:\/\/www.todoeldia.com\/index.php\/wp-json\/wp\/v2\/tags?post=9008"}],"curies":[{"name":"wp","href":"https:\/\/api.w.org\/{rel}","templated":true}]}}