{"id":9012,"date":"2020-10-21T09:14:04","date_gmt":"2020-10-21T12:14:04","guid":{"rendered":"https:\/\/www.todoeldia.com\/?p=9012"},"modified":"2020-10-21T09:14:05","modified_gmt":"2020-10-21T12:14:05","slug":"ampliaran-hoy-la-imputacion-contra-el-medico-martin-de-la-arena-por-la-venta-de-plasma","status":"publish","type":"post","link":"https:\/\/www.todoeldia.com\/index.php\/2020\/10\/21\/ampliaran-hoy-la-imputacion-contra-el-medico-martin-de-la-arena-por-la-venta-de-plasma\/","title":{"rendered":"Ampliar\u00e1n hoy la imputaci\u00f3n contra el medico Martin de La Arena por la venta de plasma"},"content":{"rendered":"\n<p>El fiscal de la Unidad de Delitos Econ\u00f3micos Complejos, Leandro Flores, cit\u00f3 al m\u00e9dico Mart\u00edn de la Arena para este mi\u00e9rcoles 21, a las 10, para ampliar la imputaci\u00f3n inicial contra el profesional, quien se encuentra acusado del delito de tentativa de fraude a la administraci\u00f3n p\u00fablica (dos hechos), en concurso real, en car\u00e1cter de autor y en perjuicio del Estado Provincial. El fiscal le imputar\u00e1 ma\u00f1ana el delito de negociaciones incompatibles con el ejercicio de la funci\u00f3n, tambi\u00e9n en car\u00e1cter de autor.<\/p>\n\n\n\n<p>En el decreto de imputaci\u00f3n, Flores repas\u00f3 las actuaciones iniciadas de oficio el 26 de septiembre pasado, con la posterior imputaci\u00f3n por la supuesta comisi\u00f3n del delito de fraude a la administraci\u00f3n p\u00fablica -dos hechos en grado de tentativa en concurso real y en el car\u00e1cter de autor.<\/p>\n\n\n\n<p>Y entendi\u00f3 que debe ampliarse la imputaci\u00f3n contra el m\u00e9dico, porque&nbsp;en su car\u00e1cter de Director del Centro de Hemoterapia Regional de la Provincia de Salta, incumpli\u00f3 las normativas que regulan la incompatibilidades y prohibiciones de los funcionarios designados en cargos pol\u00edticos y designaciones con car\u00e1cter de autoridad superior del Poder Ejecutivo&nbsp;fuera de escalaf\u00f3n.<\/p>\n\n\n\n<p>Flores sum\u00f3 que de la Arena,&nbsp;en su condici\u00f3n de Director del Centro de Hemoterapia Regional de la Provincia de Salta, habr\u00eda intervenido simult\u00e1neamente como socio gerente de la Empresa HEMOSALTA SRL, entidad habilitada para la realizaci\u00f3n de servicio transfusional hospitalario, en la recepci\u00f3n de unidades de hemocomponentes derivadas desde el organismo p\u00fablico que dirig\u00eda&nbsp;(CRH) para la ejecuci\u00f3n del servicio.<\/p>\n\n\n\n<p>Es que el Centro de Hemoterapia Regional se cre\u00f3 en 2009; de la Arena fue designado en julio de 2010 como director del Centro Regional de Hemoterapia y en abril de 2013, el Ministerio de Salud aprob\u00f3 el convenio de Suministro de Sangre Humana y Componentes Sangu\u00edneos con Empresa HEMOSALTA SRL.<\/p>\n\n\n\n<p>Sucesivamente, en diciembre de 2013 y luego en 2016, el imputado fue designado nuevamente en el cargo.<\/p>\n\n\n\n<p>Del informe remitido por el Instituto Provincial de Salud de Salta, surgi\u00f3 que la empresa Hemosalta S.R.L. es prestadora de esa obra social y que desde 2002, su titular es de la Arena. El IPSS adjunt\u00f3 al informe el detalle de las prestaciones facturadas por la empresa Hemosalta S.R.L. de 2019 a 2020, con los c\u00f3digos facturados de pr\u00e1cticas de hemoterapia (transfusi\u00f3n de plasma, gl\u00f3bulos rojos, sangre sin leucocitos, plaquetas o leucocitos y crioprecipitados).<\/p>\n\n\n\n<p>El fiscal de Delitos Econ\u00f3micos Complejos, consider\u00f3 que se violent\u00f3 el bien jur\u00eddico protegido, es decir la \u201cadministraci\u00f3n p\u00fablica\u201d, y que se comprob\u00f3,&nbsp;prima facie,&nbsp;la existencia de una situaci\u00f3n simult\u00e1nea de parte y de funcionario, a sabiendas que estaba interviniendo en un contrato u operaci\u00f3n como funcionario p\u00fablico y la voluntad de tomar intervenci\u00f3n en ellos, a la vez, de forma privada.<\/p>\n","protected":false},"excerpt":{"rendered":"<p>El fiscal de la Unidad de Delitos Econ\u00f3micos Complejos, Leandro Flores, cit\u00f3 al m\u00e9dico Mart\u00edn de la Arena para este mi\u00e9rcoles 21, a las 10, para ampliar la imputaci\u00f3n inicial contra el profesional, quien se encuentra acusado del delito de tentativa de fraude a la administraci\u00f3n p\u00fablica (dos hechos), en concurso real, en car\u00e1cter de [&hellip;]<\/p>\n","protected":false},"author":2,"featured_media":9013,"comment_status":"open","ping_status":"open","sticky":false,"template":"","format":"standard","meta":{"tdm_status":"","tdm_grid_status":"","_joinchat":[],"footnotes":""},"categories":[69],"tags":[],"class_list":{"0":"post-9012","1":"post","2":"type-post","3":"status-publish","4":"format-standard","5":"has-post-thumbnail","7":"category-salta"},"amp_enabled":true,"_links":{"self":[{"href":"https:\/\/www.todoeldia.com\/index.php\/wp-json\/wp\/v2\/posts\/9012","targetHints":{"allow":["GET"]}}],"collection":[{"href":"https:\/\/www.todoeldia.com\/index.php\/wp-json\/wp\/v2\/posts"}],"about":[{"href":"https:\/\/www.todoeldia.com\/index.php\/wp-json\/wp\/v2\/types\/post"}],"author":[{"embeddable":true,"href":"https:\/\/www.todoeldia.com\/index.php\/wp-json\/wp\/v2\/users\/2"}],"replies":[{"embeddable":true,"href":"https:\/\/www.todoeldia.com\/index.php\/wp-json\/wp\/v2\/comments?post=9012"}],"version-history":[{"count":1,"href":"https:\/\/www.todoeldia.com\/index.php\/wp-json\/wp\/v2\/posts\/9012\/revisions"}],"predecessor-version":[{"id":9014,"href":"https:\/\/www.todoeldia.com\/index.php\/wp-json\/wp\/v2\/posts\/9012\/revisions\/9014"}],"wp:featuredmedia":[{"embeddable":true,"href":"https:\/\/www.todoeldia.com\/index.php\/wp-json\/wp\/v2\/media\/9013"}],"wp:attachment":[{"href":"https:\/\/www.todoeldia.com\/index.php\/wp-json\/wp\/v2\/media?parent=9012"}],"wp:term":[{"taxonomy":"category","embeddable":true,"href":"https:\/\/www.todoeldia.com\/index.php\/wp-json\/wp\/v2\/categories?post=9012"},{"taxonomy":"post_tag","embeddable":true,"href":"https:\/\/www.todoeldia.com\/index.php\/wp-json\/wp\/v2\/tags?post=9012"}],"curies":[{"name":"wp","href":"https:\/\/api.w.org\/{rel}","templated":true}]}}