{"id":9019,"date":"2020-10-21T09:26:52","date_gmt":"2020-10-21T12:26:52","guid":{"rendered":"https:\/\/www.todoeldia.com\/?p=9019"},"modified":"2020-10-21T09:26:53","modified_gmt":"2020-10-21T12:26:53","slug":"condenado-a-tres-anos-por-dispararle-en-el-rostro-al-albanil-que-trabajaba-en-el-terreno-de-su-ex-esposa","status":"publish","type":"post","link":"https:\/\/www.todoeldia.com\/index.php\/2020\/10\/21\/condenado-a-tres-anos-por-dispararle-en-el-rostro-al-albanil-que-trabajaba-en-el-terreno-de-su-ex-esposa\/","title":{"rendered":"Condenado a tres a\u00f1os por dispararle en el rostro al alba\u00f1il que trabajaba en el terreno de su ex esposa"},"content":{"rendered":"\n<p>Juan Carlos Olgu\u00edn deber\u00e1 cumplir tres a\u00f1os de prisi\u00f3n efectiva por lesionar gravemente en el rosro a Dalmiro L\u00f3pez. Ocurri\u00f3 en el mes de octubre de 2019, cuando le dispar\u00f3 a un alba\u00f1il que trabajaba en el terreno de su exesposa.<\/p>\n\n\n\n<p>El&nbsp;fiscal penal 2 de la Unidad de Graves Atentados contra las Personas, Ramiro Ramos Ossorio, represent\u00f3 al Ministerio P\u00fablico ante la&nbsp;Sala VI del Tribunal de Juicio, en la audiencia de&nbsp;juicio abreviado contra&nbsp;<a href=\"http:\/\/www.fiscalespenalesalta.gob.ar\/cachi-imputado-por-disparar-en-el-rostro-a-un-hombre\/\">Juan Carlos Olguin, imputado por el delito de lesiones graves agravadas por el uso de arma de fuego en perjuicio de Dalmiro Eduardo L\u00f3pez.<\/a><\/p>\n\n\n\n<p>El hecho juzgado&nbsp;ocurri\u00f3 en Cachi, el 23 de octubre de 2019 por la tarde, cuando un hombre&nbsp;dispar\u00f3 en el rostro a un alba\u00f1il que trabajaba en un terreno de su ex esposa. Luego regres\u00f3 a su vivienda y le prendi\u00f3 fuego, produci\u00e9ndose da\u00f1os totales.<\/p>\n\n\n\n<p>El&nbsp;juez Guillermo Pereyra, luego de recibir la confesi\u00f3n del acusado y la aceptaci\u00f3n de los hechos que se le imputan,&nbsp;le impuso una pena de tres a\u00f1os de prisi\u00f3n efectiva.<\/p>\n","protected":false},"excerpt":{"rendered":"<p>Juan Carlos Olgu\u00edn deber\u00e1 cumplir tres a\u00f1os de prisi\u00f3n efectiva por lesionar gravemente en el rosro a Dalmiro L\u00f3pez. Ocurri\u00f3 en el mes de octubre de 2019, cuando le dispar\u00f3 a un alba\u00f1il que trabajaba en el terreno de su exesposa. El&nbsp;fiscal penal 2 de la Unidad de Graves Atentados contra las Personas, Ramiro Ramos [&hellip;]<\/p>\n","protected":false},"author":2,"featured_media":9020,"comment_status":"open","ping_status":"open","sticky":false,"template":"","format":"standard","meta":{"tdm_status":"","tdm_grid_status":"","_joinchat":[],"footnotes":""},"categories":[63],"tags":[],"class_list":{"0":"post-9019","1":"post","2":"type-post","3":"status-publish","4":"format-standard","5":"has-post-thumbnail","7":"category-policiales"},"amp_enabled":true,"_links":{"self":[{"href":"https:\/\/www.todoeldia.com\/index.php\/wp-json\/wp\/v2\/posts\/9019","targetHints":{"allow":["GET"]}}],"collection":[{"href":"https:\/\/www.todoeldia.com\/index.php\/wp-json\/wp\/v2\/posts"}],"about":[{"href":"https:\/\/www.todoeldia.com\/index.php\/wp-json\/wp\/v2\/types\/post"}],"author":[{"embeddable":true,"href":"https:\/\/www.todoeldia.com\/index.php\/wp-json\/wp\/v2\/users\/2"}],"replies":[{"embeddable":true,"href":"https:\/\/www.todoeldia.com\/index.php\/wp-json\/wp\/v2\/comments?post=9019"}],"version-history":[{"count":1,"href":"https:\/\/www.todoeldia.com\/index.php\/wp-json\/wp\/v2\/posts\/9019\/revisions"}],"predecessor-version":[{"id":9021,"href":"https:\/\/www.todoeldia.com\/index.php\/wp-json\/wp\/v2\/posts\/9019\/revisions\/9021"}],"wp:featuredmedia":[{"embeddable":true,"href":"https:\/\/www.todoeldia.com\/index.php\/wp-json\/wp\/v2\/media\/9020"}],"wp:attachment":[{"href":"https:\/\/www.todoeldia.com\/index.php\/wp-json\/wp\/v2\/media?parent=9019"}],"wp:term":[{"taxonomy":"category","embeddable":true,"href":"https:\/\/www.todoeldia.com\/index.php\/wp-json\/wp\/v2\/categories?post=9019"},{"taxonomy":"post_tag","embeddable":true,"href":"https:\/\/www.todoeldia.com\/index.php\/wp-json\/wp\/v2\/tags?post=9019"}],"curies":[{"name":"wp","href":"https:\/\/api.w.org\/{rel}","templated":true}]}}