{"id":9025,"date":"2020-10-21T09:58:18","date_gmt":"2020-10-21T12:58:18","guid":{"rendered":"https:\/\/www.todoeldia.com\/?p=9025"},"modified":"2020-10-21T09:58:19","modified_gmt":"2020-10-21T12:58:19","slug":"rajaron-de-la-iglesia-al-cura-carlos-aguilera","status":"publish","type":"post","link":"https:\/\/www.todoeldia.com\/index.php\/2020\/10\/21\/rajaron-de-la-iglesia-al-cura-carlos-aguilera\/","title":{"rendered":"Rajaron de la Iglesia al Cura Carlos Aguilera"},"content":{"rendered":"\n<p>El arzobispado de Salta confirm\u00f3 hoy que el cura Jos\u00e9 Carlos Jorge Aguilera Tassin ha sido echado de la Iglesia por haberlo encontrado culpable de abuso sexual en perjuicio de menores de edad en varias oportunidades.<\/p>\n\n\n\n<p>As\u00ed lo dispuso el tribunal colegiado conformado por orden de la Congregaci\u00f3n para la Doctrina de la Fe y compuesto por tres sacerdotes de fuera de la Arquidi\u00f3cesis, que entendi\u00f3 este proceso y lo sentenci\u00f3 por 7 denuncias de abuso sexual consistente en caricias lascivas y acceso carnal en contra de menores de edad.<\/p>\n\n\n\n<p>Por la gravedad de los hechos el arzobispado en un comunicado dado a conocer hoy se\u00f1ala que con dolor y verg\u00fcenza lo ha sentenciado a la pena m\u00e1xima, que es la dimisi\u00f3n del estado clerical.<\/p>\n\n\n\n<p>La sentencia de este Tribunal de primera instancia puede ser apelada en los 30 d\u00edas posteriores a la comunicaci\u00f3n de la misma al Reo.<\/p>\n\n\n\n<p>\u201cEl compromiso de esta Arquidi\u00f3cesis por conseguir ambientes sanos para nuestros ni\u00f1os, adolescentes, j\u00f3venes y personas vulnerables es irrenunciable.<\/p>\n\n\n\n<p>Mientras agradecemos su valent\u00eda, tenacidad y coraje, acompa\u00f1amos a las v\u00edctimas en su dolor buscando su sanaci\u00f3n completa\u201d, afirma el comunicado firmado por Pbro. Lic. Loyola Pinto y de Sancrist\u00f3val, Vicario Judicial.<\/p>\n\n\n\n<p>\u201cLes pedimos su oraci\u00f3n por la santidad de nuestros sacerdotes. Los delitos de unos pocos no pueden esconder el servicio diario a la comunidad de tantos y tantos. Nos encomendamos a la protecci\u00f3n del Se\u00f1or y de la Virgen del Milagro\u201d, concluye.<\/p>\n\n\n\n<p>.<\/p>\n","protected":false},"excerpt":{"rendered":"<p>El arzobispado de Salta confirm\u00f3 hoy que el cura Jos\u00e9 Carlos Jorge Aguilera Tassin ha sido echado de la Iglesia por haberlo encontrado culpable de abuso sexual en perjuicio de menores de edad en varias oportunidades. As\u00ed lo dispuso el tribunal colegiado conformado por orden de la Congregaci\u00f3n para la Doctrina de la Fe y [&hellip;]<\/p>\n","protected":false},"author":2,"featured_media":9026,"comment_status":"open","ping_status":"open","sticky":false,"template":"","format":"standard","meta":{"tdm_status":"","tdm_grid_status":"","_joinchat":[],"footnotes":""},"categories":[73],"tags":[],"class_list":{"0":"post-9025","1":"post","2":"type-post","3":"status-publish","4":"format-standard","5":"has-post-thumbnail","7":"category-noticias-general"},"amp_enabled":true,"_links":{"self":[{"href":"https:\/\/www.todoeldia.com\/index.php\/wp-json\/wp\/v2\/posts\/9025","targetHints":{"allow":["GET"]}}],"collection":[{"href":"https:\/\/www.todoeldia.com\/index.php\/wp-json\/wp\/v2\/posts"}],"about":[{"href":"https:\/\/www.todoeldia.com\/index.php\/wp-json\/wp\/v2\/types\/post"}],"author":[{"embeddable":true,"href":"https:\/\/www.todoeldia.com\/index.php\/wp-json\/wp\/v2\/users\/2"}],"replies":[{"embeddable":true,"href":"https:\/\/www.todoeldia.com\/index.php\/wp-json\/wp\/v2\/comments?post=9025"}],"version-history":[{"count":1,"href":"https:\/\/www.todoeldia.com\/index.php\/wp-json\/wp\/v2\/posts\/9025\/revisions"}],"predecessor-version":[{"id":9027,"href":"https:\/\/www.todoeldia.com\/index.php\/wp-json\/wp\/v2\/posts\/9025\/revisions\/9027"}],"wp:featuredmedia":[{"embeddable":true,"href":"https:\/\/www.todoeldia.com\/index.php\/wp-json\/wp\/v2\/media\/9026"}],"wp:attachment":[{"href":"https:\/\/www.todoeldia.com\/index.php\/wp-json\/wp\/v2\/media?parent=9025"}],"wp:term":[{"taxonomy":"category","embeddable":true,"href":"https:\/\/www.todoeldia.com\/index.php\/wp-json\/wp\/v2\/categories?post=9025"},{"taxonomy":"post_tag","embeddable":true,"href":"https:\/\/www.todoeldia.com\/index.php\/wp-json\/wp\/v2\/tags?post=9025"}],"curies":[{"name":"wp","href":"https:\/\/api.w.org\/{rel}","templated":true}]}}