{"id":9050,"date":"2020-10-21T13:42:06","date_gmt":"2020-10-21T16:42:06","guid":{"rendered":"https:\/\/www.todoeldia.com\/?p=9050"},"modified":"2020-10-21T13:42:07","modified_gmt":"2020-10-21T16:42:07","slug":"con-familiares-asi-para-que-quiero-enemigos-le-robaron-una-caja-fuerte-con-mas-de-medio-millon-de-pesos-que-pudo-recuperar","status":"publish","type":"post","link":"https:\/\/www.todoeldia.com\/index.php\/2020\/10\/21\/con-familiares-asi-para-que-quiero-enemigos-le-robaron-una-caja-fuerte-con-mas-de-medio-millon-de-pesos-que-pudo-recuperar\/","title":{"rendered":"Con familiares as\u00ed para que quiero enemigos.  Le robaron una caja fuerte con m\u00e1s de medio mill\u00f3n de pesos que pudo recuperar"},"content":{"rendered":"\n<p><\/p>\n\n\n\n<p>El robo fue descubierto por un joven de 24 a\u00f1os cuando regreso a su casa en Vila Las Rosas y se dio cuenta que le faltaba la caja fuerte que estaba en un placard.<\/p>\n\n\n\n<p>Pudo saber a trav\u00e9s de vecinos que un joven sali\u00f3 de su domicilio con una caja y con los detalles de un veh\u00edculo que utilizo el ladr\u00f3n para retirarse del lugar hizo la denuncia.<\/p>\n\n\n\n<p>Las caracter\u00edsticas del veh\u00edculo permitieron a la v\u00edctima dar datos certeros a los uniformados y al llegar a la casa del sospechoso, entreg\u00f3 voluntariamente la caja fuerte.<\/p>\n\n\n\n<p>Al parecer el ladr\u00f3n de 22 a\u00f1os fue identificado ante la justicia junto a otro joven de 20 y una mujer tambi\u00e9n de 20 a\u00f1os, con el mismo apellido que el damnificado, por lo cual todo indica que los delincuentes son familiares.<\/p>\n\n\n\n<p>El parentesco ser\u00eda el motivo por el que no violentaron ning\u00fan acceso de la vivienda.<\/p>\n\n\n\n<p>La caja conten\u00eda 25 mil pesos y 3500 d\u00f3lares.<\/p>\n","protected":false},"excerpt":{"rendered":"<p>El robo fue descubierto por un joven de 24 a\u00f1os cuando regreso a su casa en Vila Las Rosas y se dio cuenta que le faltaba la caja fuerte que estaba en un placard. Pudo saber a trav\u00e9s de vecinos que un joven sali\u00f3 de su domicilio con una caja y con los detalles de [&hellip;]<\/p>\n","protected":false},"author":2,"featured_media":9051,"comment_status":"open","ping_status":"open","sticky":false,"template":"","format":"standard","meta":{"tdm_status":"","tdm_grid_status":"","_joinchat":[],"footnotes":""},"categories":[63],"tags":[],"class_list":{"0":"post-9050","1":"post","2":"type-post","3":"status-publish","4":"format-standard","5":"has-post-thumbnail","7":"category-policiales"},"amp_enabled":true,"_links":{"self":[{"href":"https:\/\/www.todoeldia.com\/index.php\/wp-json\/wp\/v2\/posts\/9050","targetHints":{"allow":["GET"]}}],"collection":[{"href":"https:\/\/www.todoeldia.com\/index.php\/wp-json\/wp\/v2\/posts"}],"about":[{"href":"https:\/\/www.todoeldia.com\/index.php\/wp-json\/wp\/v2\/types\/post"}],"author":[{"embeddable":true,"href":"https:\/\/www.todoeldia.com\/index.php\/wp-json\/wp\/v2\/users\/2"}],"replies":[{"embeddable":true,"href":"https:\/\/www.todoeldia.com\/index.php\/wp-json\/wp\/v2\/comments?post=9050"}],"version-history":[{"count":1,"href":"https:\/\/www.todoeldia.com\/index.php\/wp-json\/wp\/v2\/posts\/9050\/revisions"}],"predecessor-version":[{"id":9052,"href":"https:\/\/www.todoeldia.com\/index.php\/wp-json\/wp\/v2\/posts\/9050\/revisions\/9052"}],"wp:featuredmedia":[{"embeddable":true,"href":"https:\/\/www.todoeldia.com\/index.php\/wp-json\/wp\/v2\/media\/9051"}],"wp:attachment":[{"href":"https:\/\/www.todoeldia.com\/index.php\/wp-json\/wp\/v2\/media?parent=9050"}],"wp:term":[{"taxonomy":"category","embeddable":true,"href":"https:\/\/www.todoeldia.com\/index.php\/wp-json\/wp\/v2\/categories?post=9050"},{"taxonomy":"post_tag","embeddable":true,"href":"https:\/\/www.todoeldia.com\/index.php\/wp-json\/wp\/v2\/tags?post=9050"}],"curies":[{"name":"wp","href":"https:\/\/api.w.org\/{rel}","templated":true}]}}