{"id":9100,"date":"2020-10-21T22:48:05","date_gmt":"2020-10-22T01:48:05","guid":{"rendered":"https:\/\/www.todoeldia.com\/?p=9100"},"modified":"2020-10-22T11:52:10","modified_gmt":"2020-10-22T14:52:10","slug":"zottos-voto-a-favor-de-la-ley-de-amnistia-encubierta-a-favor-de-cristobal-lopez","status":"publish","type":"post","link":"https:\/\/www.todoeldia.com\/index.php\/2020\/10\/21\/zottos-voto-a-favor-de-la-ley-de-amnistia-encubierta-a-favor-de-cristobal-lopez\/","title":{"rendered":"Zottos vot\u00f3 a favor de la ley de amnist\u00eda encubierta a favor de Crist\u00f3bal L\u00f3pez"},"content":{"rendered":"\n<p>Este voto del ahora devenido diputado nacional justicialista que ingreso al Congreso de la Naci\u00f3n como integrante de uno los partidos que conformaban el Frente que termin\u00f3 perdiendo en Salta con Cambiemos, integra ahora el Bloque del PJ.<\/p>\n\n\n\n<p>Se fue del Partido Renovador, dej\u00e1ndolo destruido luego de 12 a\u00f1os. Fundo un nuevo Partido denominado Salta Federal, que particip\u00f3 de los \u00faltimos comicios no obtuvo ninguna banca, ni de concejal y solo pudo armar listas en dos departamentos.<\/p>\n\n\n\n<p>Ahora busco aliarse con el actual Gobernador Gustavo S\u00e1enz y se lo ve acompa\u00f1ando al mandatario en actos en el interior de la Provincia.<\/p>\n\n\n\n<figure class=\"wp-block-image size-large\"><img loading=\"lazy\" decoding=\"async\" width=\"1024\" height=\"685\" src=\"https:\/\/www.todoeldia.com\/wp-content\/uploads\/2020\/10\/DSC_7742-1024x685.jpg\" alt=\"\" class=\"wp-image-9103\" srcset=\"https:\/\/www.todoeldia.com\/wp-content\/uploads\/2020\/10\/DSC_7742-1024x685.jpg 1024w, https:\/\/www.todoeldia.com\/wp-content\/uploads\/2020\/10\/DSC_7742-300x201.jpg 300w, https:\/\/www.todoeldia.com\/wp-content\/uploads\/2020\/10\/DSC_7742-768x514.jpg 768w, https:\/\/www.todoeldia.com\/wp-content\/uploads\/2020\/10\/DSC_7742-1536x1028.jpg 1536w, https:\/\/www.todoeldia.com\/wp-content\/uploads\/2020\/10\/DSC_7742-696x466.jpg 696w, https:\/\/www.todoeldia.com\/wp-content\/uploads\/2020\/10\/DSC_7742-1068x715.jpg 1068w, https:\/\/www.todoeldia.com\/wp-content\/uploads\/2020\/10\/DSC_7742-1920x1285.jpg 1920w, https:\/\/www.todoeldia.com\/wp-content\/uploads\/2020\/10\/DSC_7742-627x420.jpg 627w, https:\/\/www.todoeldia.com\/wp-content\/uploads\/2020\/10\/DSC_7742.jpg 1936w\" sizes=\"auto, (max-width: 1024px) 100vw, 1024px\" \/><\/figure>\n\n\n\n<p>Claro, el a\u00f1o que viene vence su mandato y quiere la reelecci\u00f3n, pero el problema es que no tiene Partido entonces busca acomodarse bajo las alas del Gobernador para volver al Congreso de la Naci\u00f3n, cosa que se le complicar\u00e1 porque el que suena como candidato de S\u00e1enz es Pablo Outes.<\/p>\n\n\n\n<figure class=\"wp-block-image size-large is-resized\"><img loading=\"lazy\" decoding=\"async\" src=\"https:\/\/www.todoeldia.com\/wp-content\/uploads\/2020\/10\/Zottos-con-jose-lopez.jpg\" alt=\"\" class=\"wp-image-9106\" width=\"976\" height=\"732\" srcset=\"https:\/\/www.todoeldia.com\/wp-content\/uploads\/2020\/10\/Zottos-con-jose-lopez.jpg 896w, https:\/\/www.todoeldia.com\/wp-content\/uploads\/2020\/10\/Zottos-con-jose-lopez-300x225.jpg 300w, https:\/\/www.todoeldia.com\/wp-content\/uploads\/2020\/10\/Zottos-con-jose-lopez-768x576.jpg 768w, https:\/\/www.todoeldia.com\/wp-content\/uploads\/2020\/10\/Zottos-con-jose-lopez-696x522.jpg 696w, https:\/\/www.todoeldia.com\/wp-content\/uploads\/2020\/10\/Zottos-con-jose-lopez-560x420.jpg 560w, https:\/\/www.todoeldia.com\/wp-content\/uploads\/2020\/10\/Zottos-con-jose-lopez-80x60.jpg 80w, https:\/\/www.todoeldia.com\/wp-content\/uploads\/2020\/10\/Zottos-con-jose-lopez-265x198.jpg 265w\" sizes=\"auto, (max-width: 976px) 100vw, 976px\" \/><figcaption><br>Zottos con el ex secretario de Obras P\u00fablicas, Jose L\u00f3pez &nbsp;hoy preso por arrojar bolsos con 9 millones de d\u00f3lares en el Convento<\/figcaption><\/figure>\n\n\n\n<p>Pero eso no es todo los diputados nacionales Virginia Cornejo y Martin Grande sacaron dos tweets similares con pocos minutos de diferencia donde critican a su colega Andr\u00e9s Zottos se\u00f1alando que vot\u00f3 a pedido de S\u00e1enz la amnist\u00eda para Crist\u00f3bal L\u00f3pez quien robo y estaf\u00f3 a la Argentina por 10 mil millones de pesos.<\/p>\n\n\n\n<p>Se desconoce la posici\u00f3n del Gobernador con respecto a ese tema, pero los legisladores de Cambiemos aprovecharon la oportunidad.<\/p>\n\n\n\n<figure class=\"wp-block-image size-large\"><img loading=\"lazy\" decoding=\"async\" width=\"676\" height=\"766\" src=\"https:\/\/www.todoeldia.com\/wp-content\/uploads\/2020\/10\/Zottos-anibal-fernandezs.jpg\" alt=\"\" class=\"wp-image-9105\" srcset=\"https:\/\/www.todoeldia.com\/wp-content\/uploads\/2020\/10\/Zottos-anibal-fernandezs.jpg 676w, https:\/\/www.todoeldia.com\/wp-content\/uploads\/2020\/10\/Zottos-anibal-fernandezs-265x300.jpg 265w, https:\/\/www.todoeldia.com\/wp-content\/uploads\/2020\/10\/Zottos-anibal-fernandezs-300x340.jpg 300w, https:\/\/www.todoeldia.com\/wp-content\/uploads\/2020\/10\/Zottos-anibal-fernandezs-371x420.jpg 371w\" sizes=\"auto, (max-width: 676px) 100vw, 676px\" \/><figcaption>Zottos con Anibal Fern\u00e1ndez<\/figcaption><\/figure>\n\n\n\n<p>Esto llevo a Zottos a que sacara un comunicado que por cierto no lo redacto \u00e9l. Dice en el primer p\u00e1rrafo que \u201cparece que mi compromiso con Salta no es compartido por algunos pol\u00edticos que s\u00f3lo saben agredir y pensar en su beneficio personal o sectorial\u201d.<\/p>\n\n\n\n<p>Le preguntamos al legislador ya que habla de beneficio personal, no es eso lo que hizo al nombrar a su hijo con un sueldo de m\u00e1s de 130 mil pesos. Tanta necesidad tiene Zottos de nombrar a su hijo mayor en el Congreso, salario que adem\u00e1s pagamos todos los argentinos.<\/p>\n\n\n\n<figure class=\"wp-block-image size-large\"><img loading=\"lazy\" decoding=\"async\" width=\"1024\" height=\"760\" src=\"https:\/\/www.todoeldia.com\/wp-content\/uploads\/2020\/10\/Lavagna-en-el-PRS-1-1024x760.jpg\" alt=\"\" class=\"wp-image-9104\" srcset=\"https:\/\/www.todoeldia.com\/wp-content\/uploads\/2020\/10\/Lavagna-en-el-PRS-1-1024x760.jpg 1024w, https:\/\/www.todoeldia.com\/wp-content\/uploads\/2020\/10\/Lavagna-en-el-PRS-1-300x223.jpg 300w, https:\/\/www.todoeldia.com\/wp-content\/uploads\/2020\/10\/Lavagna-en-el-PRS-1-768x570.jpg 768w, https:\/\/www.todoeldia.com\/wp-content\/uploads\/2020\/10\/Lavagna-en-el-PRS-1-485x360.jpg 485w, https:\/\/www.todoeldia.com\/wp-content\/uploads\/2020\/10\/Lavagna-en-el-PRS-1-696x517.jpg 696w, https:\/\/www.todoeldia.com\/wp-content\/uploads\/2020\/10\/Lavagna-en-el-PRS-1-566x420.jpg 566w, https:\/\/www.todoeldia.com\/wp-content\/uploads\/2020\/10\/Lavagna-en-el-PRS-1-80x60.jpg 80w, https:\/\/www.todoeldia.com\/wp-content\/uploads\/2020\/10\/Lavagna-en-el-PRS-1-265x198.jpg 265w, https:\/\/www.todoeldia.com\/wp-content\/uploads\/2020\/10\/Lavagna-en-el-PRS-1.jpg 1040w\" sizes=\"auto, (max-width: 1024px) 100vw, 1024px\" \/><figcaption>Zottos con Roberto Lavagna en el PRS<\/figcaption><\/figure>\n\n\n\n<p>Sigue el comunicado diciendo que \u201ces de buena madera deponer aspiraciones individuales o de partido para empujar a favor de las reivindicaciones y necesidades de nuestra querida provincia\u201d.<\/p>\n\n\n\n<p>Hace m\u00e1s de 20 a\u00f1os que tiene cargos en el estado \u00bfeso es deponer aspiraciones individuales para seguir cobrando durante dos d\u00e9cadas? Y quisi\u00e9ramos conocer que hizo por la Provincia adem\u00e1s de llenarse los bolsillos y hacerse millonario en 8 a\u00f1os que estuvo como vicegobernador.<\/p>\n\n\n\n<p>Otro p\u00e1rrafo del comunicado de Zottos habla de que \u201cla unidad y el consenso en los temas de fondo es el \u00fanico camino para sacar adelante a Salta y a la Argentina\u201d.<\/p>\n\n\n\n<figure class=\"wp-block-image size-large\"><img loading=\"lazy\" decoding=\"async\" width=\"1024\" height=\"681\" src=\"https:\/\/www.todoeldia.com\/wp-content\/uploads\/2020\/10\/andres-zottos-con-kirchner-1024x681.jpg\" alt=\"\" class=\"wp-image-9101\" srcset=\"https:\/\/www.todoeldia.com\/wp-content\/uploads\/2020\/10\/andres-zottos-con-kirchner-1024x681.jpg 1024w, https:\/\/www.todoeldia.com\/wp-content\/uploads\/2020\/10\/andres-zottos-con-kirchner-300x199.jpg 300w, https:\/\/www.todoeldia.com\/wp-content\/uploads\/2020\/10\/andres-zottos-con-kirchner-768x511.jpg 768w, https:\/\/www.todoeldia.com\/wp-content\/uploads\/2020\/10\/andres-zottos-con-kirchner-1536x1021.jpg 1536w, https:\/\/www.todoeldia.com\/wp-content\/uploads\/2020\/10\/andres-zottos-con-kirchner-2048x1362.jpg 2048w, https:\/\/www.todoeldia.com\/wp-content\/uploads\/2020\/10\/andres-zottos-con-kirchner-696x463.jpg 696w, https:\/\/www.todoeldia.com\/wp-content\/uploads\/2020\/10\/andres-zottos-con-kirchner-1068x710.jpg 1068w, https:\/\/www.todoeldia.com\/wp-content\/uploads\/2020\/10\/andres-zottos-con-kirchner-1920x1277.jpg 1920w, https:\/\/www.todoeldia.com\/wp-content\/uploads\/2020\/10\/andres-zottos-con-kirchner-632x420.jpg 632w\" sizes=\"auto, (max-width: 1024px) 100vw, 1024px\" \/><figcaption>En otras \u00e9pocas, N\u00e9stor Kirchner, Andr\u00e9s Zottos, y Dar\u00edo Valenzuela, ex intendente de Tartagal<\/figcaption><\/figure>\n\n\n\n<p>Cuando N\u00e9stor Kirchner era Presidente, integraba el bloque del PRS en la C\u00e1mara de Diputados de la Naci\u00f3n, con Carlos \u201cQuerub\u00edn\u201d Sosa. Varias veces cuando las votaciones eran complicadas para el kirchnerismo le ped\u00edan los votos al PRS. Que hacia Zottos, lo mandaba a Sosa a votar a favor de las leyes que ped\u00eda el Gobierno y el votaba en contra para no quedar mal parado. Solo basta volver al pasado y ver las votaciones de la C\u00e1mara de Diputados de la Naci\u00f3n.<\/p>\n\n\n\n<p>Todav\u00eda no se entiende cual es la felicidad que le da a los salte\u00f1os ejerciendo su cargo en el Congreso como finaliza su comunicado.<\/p>\n","protected":false},"excerpt":{"rendered":"<p>Este voto del ahora devenido diputado nacional justicialista que ingreso al Congreso de la Naci\u00f3n como integrante de uno los partidos que conformaban el Frente que termin\u00f3 perdiendo en Salta con Cambiemos, integra ahora el Bloque del PJ. Se fue del Partido Renovador, dej\u00e1ndolo destruido luego de 12 a\u00f1os. Fundo un nuevo Partido denominado Salta [&hellip;]<\/p>\n","protected":false},"author":2,"featured_media":9102,"comment_status":"open","ping_status":"open","sticky":false,"template":"","format":"standard","meta":{"tdm_status":"","tdm_grid_status":"","_joinchat":[],"footnotes":""},"categories":[73],"tags":[],"class_list":{"0":"post-9100","1":"post","2":"type-post","3":"status-publish","4":"format-standard","5":"has-post-thumbnail","7":"category-noticias-general"},"amp_enabled":true,"_links":{"self":[{"href":"https:\/\/www.todoeldia.com\/index.php\/wp-json\/wp\/v2\/posts\/9100","targetHints":{"allow":["GET"]}}],"collection":[{"href":"https:\/\/www.todoeldia.com\/index.php\/wp-json\/wp\/v2\/posts"}],"about":[{"href":"https:\/\/www.todoeldia.com\/index.php\/wp-json\/wp\/v2\/types\/post"}],"author":[{"embeddable":true,"href":"https:\/\/www.todoeldia.com\/index.php\/wp-json\/wp\/v2\/users\/2"}],"replies":[{"embeddable":true,"href":"https:\/\/www.todoeldia.com\/index.php\/wp-json\/wp\/v2\/comments?post=9100"}],"version-history":[{"count":2,"href":"https:\/\/www.todoeldia.com\/index.php\/wp-json\/wp\/v2\/posts\/9100\/revisions"}],"predecessor-version":[{"id":9153,"href":"https:\/\/www.todoeldia.com\/index.php\/wp-json\/wp\/v2\/posts\/9100\/revisions\/9153"}],"wp:featuredmedia":[{"embeddable":true,"href":"https:\/\/www.todoeldia.com\/index.php\/wp-json\/wp\/v2\/media\/9102"}],"wp:attachment":[{"href":"https:\/\/www.todoeldia.com\/index.php\/wp-json\/wp\/v2\/media?parent=9100"}],"wp:term":[{"taxonomy":"category","embeddable":true,"href":"https:\/\/www.todoeldia.com\/index.php\/wp-json\/wp\/v2\/categories?post=9100"},{"taxonomy":"post_tag","embeddable":true,"href":"https:\/\/www.todoeldia.com\/index.php\/wp-json\/wp\/v2\/tags?post=9100"}],"curies":[{"name":"wp","href":"https:\/\/api.w.org\/{rel}","templated":true}]}}