{"id":9113,"date":"2020-10-22T09:46:12","date_gmt":"2020-10-22T12:46:12","guid":{"rendered":"https:\/\/www.todoeldia.com\/?p=9113"},"modified":"2020-10-22T09:46:14","modified_gmt":"2020-10-22T12:46:14","slug":"despues-de-las-reiteradas-denuncias-detienen-a-un-militar-acusado-de-abusar-sexualmente-de-sus-hijos","status":"publish","type":"post","link":"https:\/\/www.todoeldia.com\/index.php\/2020\/10\/22\/despues-de-las-reiteradas-denuncias-detienen-a-un-militar-acusado-de-abusar-sexualmente-de-sus-hijos\/","title":{"rendered":"Despu\u00e9s de las reiteradas denuncias detienen a un militar acusado de abusar sexualmente de sus hijos"},"content":{"rendered":"\n<p>El fiscal penal 1 de la Unidad de Delitos contra la Integridad Sexual, Sergio Federico Obeid ampliar\u00e1 este jueves la imputaci\u00f3n contra un hombre por los delitos de abuso sexual gravemente ultrajante por su duraci\u00f3n y las circunstancias de su realizaci\u00f3n, agravado por el v\u00ednculo, la guarda y la convivencia con un menor de 18 a\u00f1os, en perjuicio de su hijo de 4 a\u00f1os; y de abuso sexual con acceso carnal continuado agravado por el v\u00ednculo, la guarda y la convivencia con un menor de 18 a\u00f1os, con corrupci\u00f3n de menores, en&nbsp; perjuicio de sus hijos de 10 y 12 a\u00f1os. El acusado fue detenido la tarde de este mi\u00e9rcoles.<\/p>\n\n\n\n<p>Seg\u00fan consta en las actuaciones y de acuerdo a la prueba colectada, los informes m\u00e9dicos y psicol\u00f3gicos, las declaraciones testimoniales y otros elementos, los tres menores habr\u00edan sido sometidos sexualmente por su padre. En el caso de los dos mayores, los hechos habr\u00edan ocurrido desde que ten\u00edan aproximadamente cuatro a\u00f1os y hasta noviembre de 2018; y en circunstancias en las que la madre se encontraba trabajando o fuera del hogar.<\/p>\n\n\n\n<p>La denuncia fue radicada por la madre de los ni\u00f1os en febrero de 2019, por supuesto abuso en perjuicio de su hijo menor, quien entonces ten\u00eda 3 a\u00f1os. Ocho meses despu\u00e9s, la mujer denunci\u00f3 que sus otros dos hijos, entonces de 9 y 11 a\u00f1os, habr\u00edan sido abusados tambi\u00e9n por su padre.<\/p>\n\n\n\n<p>Los informes psicol\u00f3gicos indicaron que fueron \u201cconfirmadas las situaciones de abusos sexuales por parte de su padre, someti\u00e9ndolo desde temprana edad a manipulaciones y violencia para tapar tales escenas\u201d y agregan que \u201cadem\u00e1s del abuso sexual, fueron espectadores de violencia f\u00edsica\u201d. Precisan tambi\u00e9n que \u201cse trata de ni\u00f1os severamente traumatizados a partir de situaciones abusivas denunciadas con respecto de su padre\u201d.<\/p>\n","protected":false},"excerpt":{"rendered":"<p>El fiscal penal 1 de la Unidad de Delitos contra la Integridad Sexual, Sergio Federico Obeid ampliar\u00e1 este jueves la imputaci\u00f3n contra un hombre por los delitos de abuso sexual gravemente ultrajante por su duraci\u00f3n y las circunstancias de su realizaci\u00f3n, agravado por el v\u00ednculo, la guarda y la convivencia con un menor de 18 [&hellip;]<\/p>\n","protected":false},"author":2,"featured_media":9114,"comment_status":"open","ping_status":"open","sticky":false,"template":"","format":"standard","meta":{"tdm_status":"","tdm_grid_status":"","_joinchat":[],"footnotes":""},"categories":[63],"tags":[],"class_list":{"0":"post-9113","1":"post","2":"type-post","3":"status-publish","4":"format-standard","5":"has-post-thumbnail","7":"category-policiales"},"amp_enabled":true,"_links":{"self":[{"href":"https:\/\/www.todoeldia.com\/index.php\/wp-json\/wp\/v2\/posts\/9113","targetHints":{"allow":["GET"]}}],"collection":[{"href":"https:\/\/www.todoeldia.com\/index.php\/wp-json\/wp\/v2\/posts"}],"about":[{"href":"https:\/\/www.todoeldia.com\/index.php\/wp-json\/wp\/v2\/types\/post"}],"author":[{"embeddable":true,"href":"https:\/\/www.todoeldia.com\/index.php\/wp-json\/wp\/v2\/users\/2"}],"replies":[{"embeddable":true,"href":"https:\/\/www.todoeldia.com\/index.php\/wp-json\/wp\/v2\/comments?post=9113"}],"version-history":[{"count":1,"href":"https:\/\/www.todoeldia.com\/index.php\/wp-json\/wp\/v2\/posts\/9113\/revisions"}],"predecessor-version":[{"id":9115,"href":"https:\/\/www.todoeldia.com\/index.php\/wp-json\/wp\/v2\/posts\/9113\/revisions\/9115"}],"wp:featuredmedia":[{"embeddable":true,"href":"https:\/\/www.todoeldia.com\/index.php\/wp-json\/wp\/v2\/media\/9114"}],"wp:attachment":[{"href":"https:\/\/www.todoeldia.com\/index.php\/wp-json\/wp\/v2\/media?parent=9113"}],"wp:term":[{"taxonomy":"category","embeddable":true,"href":"https:\/\/www.todoeldia.com\/index.php\/wp-json\/wp\/v2\/categories?post=9113"},{"taxonomy":"post_tag","embeddable":true,"href":"https:\/\/www.todoeldia.com\/index.php\/wp-json\/wp\/v2\/tags?post=9113"}],"curies":[{"name":"wp","href":"https:\/\/api.w.org\/{rel}","templated":true}]}}