{"id":91663,"date":"2025-02-18T21:51:36","date_gmt":"2025-02-19T00:51:36","guid":{"rendered":"https:\/\/www.todoeldia.com\/?p=91663"},"modified":"2025-02-18T21:58:39","modified_gmt":"2025-02-19T00:58:39","slug":"l-gante-volco-y-se-cayo-de-un-cuatriciclo-en-pinamar-las-imagenes","status":"publish","type":"post","link":"https:\/\/www.todoeldia.com\/index.php\/2025\/02\/18\/l-gante-volco-y-se-cayo-de-un-cuatriciclo-en-pinamar-las-imagenes\/","title":{"rendered":"L-Gante volc\u00f3 y se cay\u00f3 de un cuatriciclo en Pinamar"},"content":{"rendered":"\n<p>El cantante, que hab\u00eda viajado junto a Wanda Nara y sus hijos, manejaba el veh\u00edculo por la orilla del mar cuando dio varias vueltas en la arena y sali\u00f3 despedido. Teleshow se comunic\u00f3 con su madre, Claudia Valenzuela, quien cont\u00f3 que fue r\u00e1pidamente atendido en un hospital zonal, se fractur\u00f3 la clav\u00edcula y est\u00e1 fuera de peligro.<\/p>\n\n\n\n<p>Seg\u00fan se puede ver en el video que comparti\u00f3 \u00c1ngel de Brito en LAM (Am\u00e9rica), el artista vol\u00f3 por el aire cuando el veh\u00edculo dio varias vueltas sobre la arena y \u00e9l sali\u00f3 despedido violentamente. Aunque se lo ve salir caminando, fue r\u00e1pidamente atendido en un hospital de la ciudad, a donde se traslad\u00f3 en compa\u00f1\u00eda de Wanda y de los menores.<\/p>\n\n\n\n<p>El periodista Diego Brancatelli dio a conocer en la red social X (antes Twitter) que el m\u00fasico fue trasladado de inmediato al nosocomio, donde permaneci\u00f3 brevemente internado en observaci\u00f3n.<\/p>\n\n\n\n<p>Claudia Valenzuela, madre del artista, revel\u00f3 a Teleshow que su hijo se encuentra \u201cfuera de peligro\u201d y confirm\u00f3 la doble fractura de clav\u00edcula.<\/p>\n\n\n\n<p>Adem\u00e1s, otros allegados al m\u00fasico tambi\u00e9n reportaron a Teleshow que L-Gante ya recibi\u00f3 el alta m\u00e9dica y deber\u00e1 llevar un yeso por varias semanas para recuperar el hueso correctamente.<\/p>\n","protected":false},"excerpt":{"rendered":"<p>El cantante, que hab\u00eda viajado junto a Wanda Nara y sus hijos, manejaba el veh\u00edculo por la orilla del mar cuando dio varias vueltas en la arena y sali\u00f3 despedido. Teleshow se comunic\u00f3 con su madre, Claudia Valenzuela, quien cont\u00f3 que fue r\u00e1pidamente atendido en un hospital zonal, se fractur\u00f3 la clav\u00edcula y est\u00e1 fuera [&hellip;]<\/p>\n","protected":false},"author":2,"featured_media":91664,"comment_status":"open","ping_status":"open","sticky":false,"template":"","format":"standard","meta":{"tdm_status":"","tdm_grid_status":"","_joinchat":[],"footnotes":""},"categories":[73],"tags":[],"class_list":{"0":"post-91663","1":"post","2":"type-post","3":"status-publish","4":"format-standard","5":"has-post-thumbnail","7":"category-noticias-general"},"amp_enabled":true,"_links":{"self":[{"href":"https:\/\/www.todoeldia.com\/index.php\/wp-json\/wp\/v2\/posts\/91663","targetHints":{"allow":["GET"]}}],"collection":[{"href":"https:\/\/www.todoeldia.com\/index.php\/wp-json\/wp\/v2\/posts"}],"about":[{"href":"https:\/\/www.todoeldia.com\/index.php\/wp-json\/wp\/v2\/types\/post"}],"author":[{"embeddable":true,"href":"https:\/\/www.todoeldia.com\/index.php\/wp-json\/wp\/v2\/users\/2"}],"replies":[{"embeddable":true,"href":"https:\/\/www.todoeldia.com\/index.php\/wp-json\/wp\/v2\/comments?post=91663"}],"version-history":[{"count":2,"href":"https:\/\/www.todoeldia.com\/index.php\/wp-json\/wp\/v2\/posts\/91663\/revisions"}],"predecessor-version":[{"id":91666,"href":"https:\/\/www.todoeldia.com\/index.php\/wp-json\/wp\/v2\/posts\/91663\/revisions\/91666"}],"wp:featuredmedia":[{"embeddable":true,"href":"https:\/\/www.todoeldia.com\/index.php\/wp-json\/wp\/v2\/media\/91664"}],"wp:attachment":[{"href":"https:\/\/www.todoeldia.com\/index.php\/wp-json\/wp\/v2\/media?parent=91663"}],"wp:term":[{"taxonomy":"category","embeddable":true,"href":"https:\/\/www.todoeldia.com\/index.php\/wp-json\/wp\/v2\/categories?post=91663"},{"taxonomy":"post_tag","embeddable":true,"href":"https:\/\/www.todoeldia.com\/index.php\/wp-json\/wp\/v2\/tags?post=91663"}],"curies":[{"name":"wp","href":"https:\/\/api.w.org\/{rel}","templated":true}]}}