{"id":9173,"date":"2020-10-22T13:16:46","date_gmt":"2020-10-22T16:16:46","guid":{"rendered":"https:\/\/www.todoeldia.com\/?p=9173"},"modified":"2020-10-22T13:16:47","modified_gmt":"2020-10-22T16:16:47","slug":"el-gobierno-superviso-el-plan-detectar-en-el-valle-de-lerma","status":"publish","type":"post","link":"https:\/\/www.todoeldia.com\/index.php\/2020\/10\/22\/el-gobierno-superviso-el-plan-detectar-en-el-valle-de-lerma\/","title":{"rendered":"El Gobierno supervis\u00f3 el plan Detectar en el Valle de Lerma"},"content":{"rendered":"\n<p>El Ministro de Salud y su equipo de trabajo se presentaron en la Escuela Dolores Campion de Rosario de Lerma y en la Escuela Infantil Coronel Moldes N\u00ba 4841, donde se desarroll\u00f3 el operativo.<\/p>\n\n\n\n<p>DETECTAR,\u00a0busca identificar y testear a personas sintom\u00e1ticas reportadas por la aplicaci\u00f3n SaltaCovid y a los contactos estrechos de casos positivos de COVID-19.<\/p>\n\n\n\n<p>\u201cDebemos tener un panorama epidemiol\u00f3gico acabado de toda la Provincia, por eso recorremos con gusto las distintas localidades\u201d, expres\u00f3 el ministro de Salud de la Provincia,&nbsp;Juan Jos\u00e9 Esteban.<\/p>\n\n\n\n<p>En este sentido,&nbsp;el funcionario les manifest\u00f3 a los gerentes Lidia Colque y Luis Fochi que la Provincia ha tenido una disminuci\u00f3n en la demanda de atenci\u00f3n del sistema sanitario, pero que deben mantenerse alerta por la posible aparici\u00f3n de nuevos casos a causa de las reuniones familiares del D\u00eda de la Madre.<\/p>\n\n\n\n<p>Adem\u00e1s, el titular de la cartera sanitaria&nbsp;destac\u00f3 que un 45% de los pacientes sintom\u00e1ticos, son portadores de virus. Mientras que los asintom\u00e1ticos tuvieron un 40% de positividad.&nbsp;En este \u00faltimo grupo se considera que son pacientes que han cursado la enfermedad sin s\u00edntomas y que no transmiten el virus.<\/p>\n\n\n\n<p>\u201cTenemos una circulaci\u00f3n viral activa, entonces debemos actuar en consecuencia acatando las medidas protocolares y ser criteriosos y responsables con los recaudos personales y sociales\u201d, concluy\u00f3 el ministro Esteban.<\/p>\n\n\n\n<p>Del recorrido participaron, el secretario de los Servicios de Salud,&nbsp;Mart\u00edn Flores Perazzone, la secretaria de Gesti\u00f3n Administrativa,&nbsp;Marcela Tula, la secretaria de Desarrollo Organizacional,&nbsp;Ver\u00f3nica Guzm\u00e1n, la subsecretaria de los Servicios de Salud,&nbsp;Silvia Cardozo,&nbsp;y la directora general de la Direcci\u00f3n de Epidemiolog\u00eda Provincial,&nbsp;Anal\u00eda Acevedo.<\/p>\n\n\n\n<p>Se destaca que los resultados de los testeos del operativo DETECTAR en las distintas localidades, ser\u00e1n informados a la brevedad por este canal informativo.<\/p>\n","protected":false},"excerpt":{"rendered":"<p>El Ministro de Salud y su equipo de trabajo se presentaron en la Escuela Dolores Campion de Rosario de Lerma y en la Escuela Infantil Coronel Moldes N\u00ba 4841, donde se desarroll\u00f3 el operativo. DETECTAR,\u00a0busca identificar y testear a personas sintom\u00e1ticas reportadas por la aplicaci\u00f3n SaltaCovid y a los contactos estrechos de casos positivos de [&hellip;]<\/p>\n","protected":false},"author":2,"featured_media":9174,"comment_status":"open","ping_status":"open","sticky":false,"template":"","format":"standard","meta":{"tdm_status":"","tdm_grid_status":"","_joinchat":[],"footnotes":""},"categories":[65],"tags":[],"class_list":{"0":"post-9173","1":"post","2":"type-post","3":"status-publish","4":"format-standard","5":"has-post-thumbnail","7":"category-coronavirus"},"amp_enabled":true,"_links":{"self":[{"href":"https:\/\/www.todoeldia.com\/index.php\/wp-json\/wp\/v2\/posts\/9173","targetHints":{"allow":["GET"]}}],"collection":[{"href":"https:\/\/www.todoeldia.com\/index.php\/wp-json\/wp\/v2\/posts"}],"about":[{"href":"https:\/\/www.todoeldia.com\/index.php\/wp-json\/wp\/v2\/types\/post"}],"author":[{"embeddable":true,"href":"https:\/\/www.todoeldia.com\/index.php\/wp-json\/wp\/v2\/users\/2"}],"replies":[{"embeddable":true,"href":"https:\/\/www.todoeldia.com\/index.php\/wp-json\/wp\/v2\/comments?post=9173"}],"version-history":[{"count":1,"href":"https:\/\/www.todoeldia.com\/index.php\/wp-json\/wp\/v2\/posts\/9173\/revisions"}],"predecessor-version":[{"id":9175,"href":"https:\/\/www.todoeldia.com\/index.php\/wp-json\/wp\/v2\/posts\/9173\/revisions\/9175"}],"wp:featuredmedia":[{"embeddable":true,"href":"https:\/\/www.todoeldia.com\/index.php\/wp-json\/wp\/v2\/media\/9174"}],"wp:attachment":[{"href":"https:\/\/www.todoeldia.com\/index.php\/wp-json\/wp\/v2\/media?parent=9173"}],"wp:term":[{"taxonomy":"category","embeddable":true,"href":"https:\/\/www.todoeldia.com\/index.php\/wp-json\/wp\/v2\/categories?post=9173"},{"taxonomy":"post_tag","embeddable":true,"href":"https:\/\/www.todoeldia.com\/index.php\/wp-json\/wp\/v2\/tags?post=9173"}],"curies":[{"name":"wp","href":"https:\/\/api.w.org\/{rel}","templated":true}]}}