{"id":9239,"date":"2020-10-23T10:14:11","date_gmt":"2020-10-23T13:14:11","guid":{"rendered":"https:\/\/www.todoeldia.com\/?p=9239"},"modified":"2020-10-23T10:14:12","modified_gmt":"2020-10-23T13:14:12","slug":"coronavirus-fernandez-definio-la-continuidad-de-una-cuarentena-estricta-en-ocho-provincias","status":"publish","type":"post","link":"https:\/\/www.todoeldia.com\/index.php\/2020\/10\/23\/coronavirus-fernandez-definio-la-continuidad-de-una-cuarentena-estricta-en-ocho-provincias\/","title":{"rendered":"Coronavirus: Fern\u00e1ndez defini\u00f3 la continuidad de una cuarentena estricta en ocho provincias"},"content":{"rendered":"\n<p>El Presidente mantuvo una videoconferencia con los mandatarios provinciales de distritos donde el COVID-19 est\u00e1 muy avanzado y no ha bajado la curva de contagios. Se prev\u00e9 m\u00e1s ayuda de la Naci\u00f3n para evitar desbordes en el sistema sanitario<\/p>\n\n\n\n<p>En un clima de fuerte preocupaci\u00f3n por el incremento de ocupaci\u00f3n de camas de terapia intensiva, una curva de contagios de COVID-19 que no baja y el personal de la salud que est\u00e1 trabajando al l\u00edmite,&nbsp;el presidente Alberto Fern\u00e1ndez coincidi\u00f3 este jueves con ocho gobernadores de provincias que est\u00e1n bajo un r\u00e9gimen de aislamiento social obligatorio estricto en que lo m\u00e1s conveniente es mantener el actual esquema de cuarentena r\u00edgido que buscar\u00e1 evitar una mayor circulaci\u00f3n.<\/p>\n\n\n\n<p>A lo largo de una videoconferencia que mantuvo ayer por la tarde desde el Sal\u00f3n Norte de la Casa Rosada, el Presidente dialog\u00f3 con los ocho gobernadores sobre la situaci\u00f3n sanitaria y las medidas a tomar en el marco de la pandemia de coronavirus COVID-19. All\u00ed est\u00e1 concentrado el 55 por ciento de los casos de COVID-19 del pa\u00eds.<\/p>\n\n\n\n<figure class=\"wp-block-image is-resized\"><img loading=\"lazy\" decoding=\"async\" src=\"https:\/\/www.infobae.com\/new-resizer\/8v5X9hRN900FzKGJ27eFK5cTxM8=\/420x236\/filters:format(jpg):quality(85)\/\/cloudfront-us-east-1.images.arcpublishing.com\/infobae\/KNZYHQ36IRDRPJFMWXC6L2VNVA.jpg\" alt=\"(Franco Fafasuli)\" width=\"1076\" height=\"604\"\/><\/figure>\n\n\n\n<p>En la evaluaci\u00f3n que hizo&nbsp;Alberto Fern\u00e1ndez&nbsp;remarc\u00f3 que C\u00f3rdoba y Santa Fe ven una \u201cmeseta alta\u201d de contagios que no baja. En Jujuy se tuvo que cerrar 21 d\u00edas para volver a estabilizar&nbsp;y todo esto, seg\u00fan desliz\u00f3 el mismo Presidente, indica que&nbsp;\u201clo \u00fanico que ordena es que la gente circule menos\u201d.<\/p>\n\n\n\n<p>Es decir, que hay coincidencias entre los mandatarios provinciales y el jefe de Estado en&nbsp;<a href=\"https:\/\/www.infobae.com\/politica\/2020\/10\/12\/provincia-por-provincia-que-establece-el-decreto-que-oficializa-la-extension-del-aislamiento-social\/\" target=\"_blank\" rel=\"noreferrer noopener\">mantener el actual esquema de cuarentena que se fij\u00f3 por decreto hace 14 d\u00edas<\/a>. Esto ser\u00eda para las provincias de&nbsp;Mendoza, C\u00f3rdoba, Tucum\u00e1n, Santa Fe, San Luis, Chubut, R\u00edo Negro y Neuqu\u00e9n.<\/p>\n\n\n\n<p>En la provincia de&nbsp;Buenos Aires y la CABA habr\u00eda una mayor flexibilizaci\u00f3n&nbsp;de actividades porque se vislumbra una merma en la curva de contagios.<\/p>\n\n\n\n<p>En tanto, en el resto de las provincias alcanzadas por el decreto&nbsp;792\/2020&nbsp;como&nbsp;Salta, Santa Cruz, Jujuy, Tierra del Fuego, La Rioja, Santiago del Estero y Chaco&nbsp;no est\u00e1 definido a\u00fan si se mantendr\u00e1 la cuarentena estricta o si se ir\u00e1 flexibilzando el aislamiento en funci\u00f3n de la baja de casos o el amesetamiento de casos all\u00ed registrado.<\/p>\n\n\n\n<p>Alberto Fern\u00e1ndez explic\u00f3 hoy a los gobernadores que dialog\u00f3 con el premier franc\u00e9s,&nbsp;Emanuel Macron,&nbsp;esta semana y le coment\u00f3 que se est\u00e1 viviendo una segunda oleada de contagios en Europa que hizo retroceder en los sistemas de aislamiento social.&nbsp;Este es un indicador de que la variable en el sistema de apertura o regreso a Fase 1 es un fen\u00f3meno mundial&nbsp;y no est\u00e1 atado solo a la pol\u00edtica sanitaria de la Argentina.<\/p>\n\n\n\n<p>A su turno, el ministro de Salud,&nbsp;Gin\u00e9s Gonz\u00e1lez Garc\u00eda,&nbsp;destac\u00f3 que las medidas que se tomaron hace 14 d\u00edas fueron \u201coportunas\u201d. Y remarc\u00f3 sin vueltas:&nbsp;\u201cSe debe continuar por este camino porque hay lugares en los que el cumplimiento no es efectivo\u201d.<\/p>\n\n\n\n<p>Para esto, adem\u00e1s de las medidas de prevenci\u00f3n y el aislamiento social ser\u00e1 clave instrumentar a fondo el plan Detectar Federal para garantizar una merma de los contagios.<\/p>\n\n\n\n<p>Alberto Fern\u00e1ndez estuvo acompa\u00f1ado por el jefe de Gabinete,&nbsp;Santiago Cafiero; el ministro de Salud de la Naci\u00f3n,&nbsp;Gin\u00e9s Gonz\u00e1lez Garc\u00eda, y el secretario general de la Presidencia,&nbsp;Julio Vitobello.<\/p>\n\n\n\n<p>Participaron de la comunicaci\u00f3n virtual los gobernadores de C\u00f3rdoba,&nbsp;Juan Schiaretti;&nbsp;de Santa Fe,&nbsp;Omar Perotti; de Tucum\u00e1n, Juan Manzur;&nbsp;de Mendoza,&nbsp;Rodolfo Su\u00e1rez;&nbsp;de Neuqu\u00e9n,&nbsp;Omar Guti\u00e9rrez;&nbsp;de R\u00edo Negro,&nbsp;Arabela Carreras;&nbsp;de Chubut,&nbsp;Mariano Arcioni; y de San Luis,&nbsp;Alberto Rodr\u00edguez Sa\u00e1.<\/p>\n\n\n\n<p>Se analiz\u00f3 con mucha preocupaci\u00f3n a lo largo de casi dos horas y media de videoconferencia que hay distritos donde la ocupaci\u00f3n de camas UTI de terapia est\u00e1n al borde del 85 y 90% en algunos hospitales y los casos de COVID-19 no bajan.<\/p>\n\n\n\n<p>Por su parte, fuentes oficiales que participaron del encuentro virtual dijeron a\u00a0Infobae\u00a0que el gobernador de Tucum\u00e1n, por ejemplo, destac\u00f3 el cumplimiento estricto con las medidas de restricci\u00f3n. Pero a\u00f1adi\u00f3 que a\u00fan as\u00ed, la situaci\u00f3n en ese distrito es compleja.\u00a0\u201cEstamos limitando todo lo que est\u00e1 a nuestro alcance y pretendemos continuar los pr\u00f3ximos 15 d\u00edas en este esquema de cuarentena\u201d, dijo Manzur.<\/p>\n\n\n\n<figure class=\"wp-block-image is-resized\"><img loading=\"lazy\" decoding=\"async\" src=\"https:\/\/www.infobae.com\/new-resizer\/0d8F7DXNYJR9-2WT3thVwc_QMVU=\/420x236\/filters:format(jpg):quality(85)\/\/cloudfront-us-east-1.images.arcpublishing.com\/infobae\/D3HGUH62XJEEHJA6RMI7V6QR2Q.jpg\" alt=\"infobae-image\" width=\"1061\" height=\"628\"\/><\/figure>\n\n\n\n<p>A la vez, Manzur dijo que en Tucum\u00e1n se viene registrando un proceso de duplicaci\u00f3n de casos cada 20 d\u00edas y que se est\u00e1 cumpliendo con todas las restricciones.&nbsp;\u201cEn San Miguel y en otros municipios hay un bloqueo de circulaci\u00f3n en un proceso de restricci\u00f3n muy importante\u201d, dijo el mandatario de Tucum\u00e1n.<\/p>\n\n\n\n<p>En tanto, desde San Luis el gobernador Rodr\u00edguez Sa\u00e1 confirm\u00f3 la mirada del resto de los mandatarios respecto a que se debe limitar la circulaci\u00f3n. Si no se hubiera actuado de esa manera, el gobernador puntano dijo que&nbsp;\u201cestar\u00edamos llegando al peor momento de la pandemia\u201d. Y adelant\u00f3 que su provincia se someter\u00e1 a lo que aconsejen desde la Casa Rosada y lo que hagan el resto de las provincias.<\/p>\n\n\n\n<p>Omar Perotti destac\u00f3 que en Santa Fe hay una peque\u00f1a se\u00f1al de mejora pero ven que ser\u00e1 necesario seguir con el mismo esquema de aislamiento por otros 14 d\u00edas.&nbsp;\u201cMas all\u00e1 del cansancio de todos vamos a seguir con las restricciones de movilidad a partir de las 20 horas\u201d. Y se\u00f1al\u00f3 que hay un faltante de medicamentos en el sector privado a pesar de que existe una fuerte ayuda de la Naci\u00f3n por resolver ese tema.<\/p>\n\n\n\n<p>En Santa Fe, hasta ayer hab\u00eda&nbsp;2.928 casos confirmados de COVID-19&nbsp;y la Direcci\u00f3n Provincial de Epidemiolog\u00eda inform\u00f3 que la ocupaci\u00f3n de camas de terapia intensiva es alarmante. En localidades como&nbsp;Rafaela hay un 82% de camas UTI ocupadas, en la regi\u00f3n de Santa Fe capital el 74%, en Rosario centro hay un 85%&nbsp;de camas del servicio p\u00fablico ocupadas.<\/p>\n\n\n\n<p>El gobernador de Mendoza, que en un primer momento busc\u00f3 evitar la cuarentena estricta dictada por la Casa Rosada, inform\u00f3 hoy que en su distrito a\u00fan hay una meseta alta de casos y si bien hay un \u201cpeque\u00f1o alivio\u201d en las salas de terapia en algunas zonas, en el Gran Mendoza est\u00e1n en un 92% de ocupaci\u00f3n de camas UTI. Hay all\u00ed 186 personas internadas en una situaci\u00f3n cr\u00edtica.<\/p>\n\n\n\n<p>As\u00ed, el gobernador Su\u00e1rez adelant\u00f3 que&nbsp;seguir\u00e1n con la cuarentena estricta, con una alerta sanitaria en Mendoza y a las 23.30 seguir\u00e1 el esquema donde se corta la circulaci\u00f3n en la provincia con controles de las salidas por el n\u00famero de DNI.<\/p>\n\n\n\n<p>En C\u00f3rdoba el gobernador Schiaretti tambi\u00e9n habl\u00f3 de una \u201cmeseta alta de casos\u201d y adelant\u00f3 que seguir\u00e1 con las medidas restrictivas de horarios y circulaci\u00f3n, sobre todo de 20 a 06.&nbsp;\u201cNuestra idea es seguir con las restricciones 14 d\u00edas\u201d,&nbsp;coincidi\u00f3 el mandatario de C\u00f3rdoba ante el Presidente y sus pares de provincias.<\/p>\n\n\n\n<p>Schiaretti dijo que en C\u00f3rdoba est\u00e1n transitando el pico, no van a comenzar las clases y hay una cantidad de actividades que no podr\u00e1n autorizar, aunque no dio detalles.<\/p>\n\n\n\n<p>C\u00f3rdoba registra&nbsp;un acumulado de 66.268 contagios de coronavirus.&nbsp;Desde el inicio de la pandemia hasta la fecha, en la provincia&nbsp;se realizaron testeos con PCR (hisopados) a 341.975 personas. Seg\u00fan destacaron a&nbsp;Infobae&nbsp;desde la gobernaci\u00f3n, esto resulta en una&nbsp;tasa de 90.939&nbsp;personas estudiadas con PCR por mill\u00f3n de habitantes.<\/p>\n\n\n\n<p>En R\u00edo Negro la gobernadora Arabela Carreras destac\u00f3 que se vive una situaci\u00f3n mas compleja. \u201cNo podemos decir que estamos en una meseta, tenemos un crecimiento leve de casos\u201d, dijo y sin vueltas adelant\u00f3:&nbsp;\u201cQueremos continuar en el ASPO y sumar a Viedma y Dina Huapi\u201d,&nbsp;en ese esquema, dijo.<\/p>\n\n\n\n<p>En Chubut la situaci\u00f3n es similar. El gobernador Arcioni manifest\u00f3 que&nbsp;\u201clamentablemente el virus siempre llega hasta en poblaciones de 300 habitantes\u201d&nbsp;y remarc\u00f3 la preocupaci\u00f3n extendida por sus pares de localidades con ocupaci\u00f3n UTI muy altas.<\/p>\n\n\n\n<p>Omar Guti\u00e9rrez de Neuqu\u00e9n dijo que en los \u00faltimos siete meses hicieron de todo y en un gesto de claro apoyo a Alberto Fern\u00e1ndez asegur\u00f3 que respaldar\u00e1 las medidas restrictivas por tomar para seguir dando la pelea al virus.<\/p>\n\n\n\n<p>De esta manera, qued\u00f3 claro que las restricciones se mantendr\u00e1n en estos ocho distritos aunque en el AMBA la situaci\u00f3n ser\u00e1 de mayor flexibilizaci\u00f3n de la cuarentena por una baja de la curva de casos.<\/p>\n\n\n\n<p>Desde el Ministerio de Salud destacaron a&nbsp;Infobae&nbsp;que a las provincias que est\u00e1n en la mira por los altos niveles de contagio \u201cse las est\u00e1 apoyando mucho como desde el primer d\u00eda\u201d. Esto incluye el env\u00edo de fondos, insumos sanitarios y m\u00e9dicos.<\/p>\n\n\n\n<p>Es probable que Alberto Fern\u00e1ndez anuncie hoy desde Misiones la continuidad de la cuarentena estricta en estas ocho provincias mientras que en el AMBA se den mayores aperturas de actividades.<\/p>\n","protected":false},"excerpt":{"rendered":"<p>El Presidente mantuvo una videoconferencia con los mandatarios provinciales de distritos donde el COVID-19 est\u00e1 muy avanzado y no ha bajado la curva de contagios. Se prev\u00e9 m\u00e1s ayuda de la Naci\u00f3n para evitar desbordes en el sistema sanitario En un clima de fuerte preocupaci\u00f3n por el incremento de ocupaci\u00f3n de camas de terapia intensiva, [&hellip;]<\/p>\n","protected":false},"author":2,"featured_media":9240,"comment_status":"open","ping_status":"open","sticky":false,"template":"","format":"standard","meta":{"tdm_status":"","tdm_grid_status":"","_joinchat":[],"footnotes":""},"categories":[65],"tags":[],"class_list":{"0":"post-9239","1":"post","2":"type-post","3":"status-publish","4":"format-standard","5":"has-post-thumbnail","7":"category-coronavirus"},"amp_enabled":true,"_links":{"self":[{"href":"https:\/\/www.todoeldia.com\/index.php\/wp-json\/wp\/v2\/posts\/9239","targetHints":{"allow":["GET"]}}],"collection":[{"href":"https:\/\/www.todoeldia.com\/index.php\/wp-json\/wp\/v2\/posts"}],"about":[{"href":"https:\/\/www.todoeldia.com\/index.php\/wp-json\/wp\/v2\/types\/post"}],"author":[{"embeddable":true,"href":"https:\/\/www.todoeldia.com\/index.php\/wp-json\/wp\/v2\/users\/2"}],"replies":[{"embeddable":true,"href":"https:\/\/www.todoeldia.com\/index.php\/wp-json\/wp\/v2\/comments?post=9239"}],"version-history":[{"count":1,"href":"https:\/\/www.todoeldia.com\/index.php\/wp-json\/wp\/v2\/posts\/9239\/revisions"}],"predecessor-version":[{"id":9241,"href":"https:\/\/www.todoeldia.com\/index.php\/wp-json\/wp\/v2\/posts\/9239\/revisions\/9241"}],"wp:featuredmedia":[{"embeddable":true,"href":"https:\/\/www.todoeldia.com\/index.php\/wp-json\/wp\/v2\/media\/9240"}],"wp:attachment":[{"href":"https:\/\/www.todoeldia.com\/index.php\/wp-json\/wp\/v2\/media?parent=9239"}],"wp:term":[{"taxonomy":"category","embeddable":true,"href":"https:\/\/www.todoeldia.com\/index.php\/wp-json\/wp\/v2\/categories?post=9239"},{"taxonomy":"post_tag","embeddable":true,"href":"https:\/\/www.todoeldia.com\/index.php\/wp-json\/wp\/v2\/tags?post=9239"}],"curies":[{"name":"wp","href":"https:\/\/api.w.org\/{rel}","templated":true}]}}