{"id":9245,"date":"2020-10-23T10:35:40","date_gmt":"2020-10-23T13:35:40","guid":{"rendered":"https:\/\/www.todoeldia.com\/?p=9245"},"modified":"2020-10-23T10:35:41","modified_gmt":"2020-10-23T13:35:41","slug":"denunciaron-el-secuestro-del-abuelo-pero-lo-habian-detenido-por-vender-drogas","status":"publish","type":"post","link":"https:\/\/www.todoeldia.com\/index.php\/2020\/10\/23\/denunciaron-el-secuestro-del-abuelo-pero-lo-habian-detenido-por-vender-drogas\/","title":{"rendered":"Denunciaron el secuestro del abuelo, pero lo hab\u00edan detenido por vender drogas"},"content":{"rendered":"\n<p>El caso sucedi\u00f3 el mi\u00e9rcoles pasado en la zona sudeste de la capital.<\/p>\n\n\n\n<p>Al sistema 911 llamaron diciendo que una camioneta negra hab\u00eda secuestrado a su abuelo a las 7 de la tarde. Luego se presentaron en la dependencia y hasta aportaron el n\u00famero de patente.<\/p>\n\n\n\n<p>Con esos datos la polic\u00eda comprob\u00f3 que se trataba de una camioneta negra de la divisi\u00f3n drogas peligrosas. En realidad, el abuelo hab\u00eda sido sorprendido vendiendo estupefacientes en la v\u00eda p\u00fablica por lo que fue detenido.<\/p>\n\n\n\n<p>&nbsp;Despu\u00e9s de los tr\u00e1mites judiciales, cerca de la medianoche el abuelo regres\u00f3 a casa.<\/p>\n","protected":false},"excerpt":{"rendered":"<p>El caso sucedi\u00f3 el mi\u00e9rcoles pasado en la zona sudeste de la capital. Al sistema 911 llamaron diciendo que una camioneta negra hab\u00eda secuestrado a su abuelo a las 7 de la tarde. Luego se presentaron en la dependencia y hasta aportaron el n\u00famero de patente. Con esos datos la polic\u00eda comprob\u00f3 que se trataba [&hellip;]<\/p>\n","protected":false},"author":2,"featured_media":9246,"comment_status":"open","ping_status":"open","sticky":false,"template":"","format":"standard","meta":{"tdm_status":"","tdm_grid_status":"","_joinchat":[],"footnotes":""},"categories":[63],"tags":[],"class_list":{"0":"post-9245","1":"post","2":"type-post","3":"status-publish","4":"format-standard","5":"has-post-thumbnail","7":"category-policiales"},"amp_enabled":true,"_links":{"self":[{"href":"https:\/\/www.todoeldia.com\/index.php\/wp-json\/wp\/v2\/posts\/9245","targetHints":{"allow":["GET"]}}],"collection":[{"href":"https:\/\/www.todoeldia.com\/index.php\/wp-json\/wp\/v2\/posts"}],"about":[{"href":"https:\/\/www.todoeldia.com\/index.php\/wp-json\/wp\/v2\/types\/post"}],"author":[{"embeddable":true,"href":"https:\/\/www.todoeldia.com\/index.php\/wp-json\/wp\/v2\/users\/2"}],"replies":[{"embeddable":true,"href":"https:\/\/www.todoeldia.com\/index.php\/wp-json\/wp\/v2\/comments?post=9245"}],"version-history":[{"count":1,"href":"https:\/\/www.todoeldia.com\/index.php\/wp-json\/wp\/v2\/posts\/9245\/revisions"}],"predecessor-version":[{"id":9247,"href":"https:\/\/www.todoeldia.com\/index.php\/wp-json\/wp\/v2\/posts\/9245\/revisions\/9247"}],"wp:featuredmedia":[{"embeddable":true,"href":"https:\/\/www.todoeldia.com\/index.php\/wp-json\/wp\/v2\/media\/9246"}],"wp:attachment":[{"href":"https:\/\/www.todoeldia.com\/index.php\/wp-json\/wp\/v2\/media?parent=9245"}],"wp:term":[{"taxonomy":"category","embeddable":true,"href":"https:\/\/www.todoeldia.com\/index.php\/wp-json\/wp\/v2\/categories?post=9245"},{"taxonomy":"post_tag","embeddable":true,"href":"https:\/\/www.todoeldia.com\/index.php\/wp-json\/wp\/v2\/tags?post=9245"}],"curies":[{"name":"wp","href":"https:\/\/api.w.org\/{rel}","templated":true}]}}