{"id":92462,"date":"2025-03-11T11:43:36","date_gmt":"2025-03-11T14:43:36","guid":{"rendered":"https:\/\/www.todoeldia.com\/?p=92462"},"modified":"2025-03-11T11:43:44","modified_gmt":"2025-03-11T14:43:44","slug":"abuelo-condenado-por-violar-a-sus-nietas-de-12-y-14-anos","status":"publish","type":"post","link":"https:\/\/www.todoeldia.com\/index.php\/2025\/03\/11\/abuelo-condenado-por-violar-a-sus-nietas-de-12-y-14-anos\/","title":{"rendered":"Abuelo condenado por violar a sus nietas de 12 y 14 a\u00f1os"},"content":{"rendered":"\n<p>Un degenerado de 65 a\u00f1os fue condenado a nueve a\u00f1os y seis meses de prisi\u00f3n por delitos de abuso sexual en perjuicio de dos de sus nietas, menores de edad al momento de los hechos.<\/p>\n\n\n\n<p>Las v\u00edctimas (14 y 12 a\u00f1os) estaban a cargo de sus abuelos y resid\u00edan con ellos debido a que su madre hab\u00eda fallecido.<\/p>\n\n\n\n<p>La jueza Norma Beatriz Vera, encontr\u00f3 al sujeto autor de los delitos de abuso sexual gravemente ultrajante agravado por el v\u00ednculo y por ser cometido contra dos menores de 18 a\u00f1os de edad con aprovechamiento de la situaci\u00f3n de convivencia preexistente en perjuicio de sus nietas.<\/p>\n\n\n\n<p>La jueza orden\u00f3 la prisi\u00f3n preventiva del imputado y su inmediata detenci\u00f3n y traslado a la Unidad Carcelaria 1. Tambi\u00e9n dispuso que reciba tratamiento psicol\u00f3gico por la naturaleza de los hechos por los cuales fue condenado.<\/p>\n","protected":false},"excerpt":{"rendered":"<p>Un degenerado de 65 a\u00f1os fue condenado a nueve a\u00f1os y seis meses de prisi\u00f3n por delitos de abuso sexual en perjuicio de dos de sus nietas, menores de edad al momento de los hechos. Las v\u00edctimas (14 y 12 a\u00f1os) estaban a cargo de sus abuelos y resid\u00edan con ellos debido a que su [&hellip;]<\/p>\n","protected":false},"author":2,"featured_media":37740,"comment_status":"open","ping_status":"open","sticky":false,"template":"","format":"standard","meta":{"tdm_status":"","tdm_grid_status":"","_joinchat":[],"footnotes":""},"categories":[63],"tags":[],"class_list":{"0":"post-92462","1":"post","2":"type-post","3":"status-publish","4":"format-standard","5":"has-post-thumbnail","7":"category-policiales"},"amp_enabled":true,"_links":{"self":[{"href":"https:\/\/www.todoeldia.com\/index.php\/wp-json\/wp\/v2\/posts\/92462","targetHints":{"allow":["GET"]}}],"collection":[{"href":"https:\/\/www.todoeldia.com\/index.php\/wp-json\/wp\/v2\/posts"}],"about":[{"href":"https:\/\/www.todoeldia.com\/index.php\/wp-json\/wp\/v2\/types\/post"}],"author":[{"embeddable":true,"href":"https:\/\/www.todoeldia.com\/index.php\/wp-json\/wp\/v2\/users\/2"}],"replies":[{"embeddable":true,"href":"https:\/\/www.todoeldia.com\/index.php\/wp-json\/wp\/v2\/comments?post=92462"}],"version-history":[{"count":1,"href":"https:\/\/www.todoeldia.com\/index.php\/wp-json\/wp\/v2\/posts\/92462\/revisions"}],"predecessor-version":[{"id":92463,"href":"https:\/\/www.todoeldia.com\/index.php\/wp-json\/wp\/v2\/posts\/92462\/revisions\/92463"}],"wp:featuredmedia":[{"embeddable":true,"href":"https:\/\/www.todoeldia.com\/index.php\/wp-json\/wp\/v2\/media\/37740"}],"wp:attachment":[{"href":"https:\/\/www.todoeldia.com\/index.php\/wp-json\/wp\/v2\/media?parent=92462"}],"wp:term":[{"taxonomy":"category","embeddable":true,"href":"https:\/\/www.todoeldia.com\/index.php\/wp-json\/wp\/v2\/categories?post=92462"},{"taxonomy":"post_tag","embeddable":true,"href":"https:\/\/www.todoeldia.com\/index.php\/wp-json\/wp\/v2\/tags?post=92462"}],"curies":[{"name":"wp","href":"https:\/\/api.w.org\/{rel}","templated":true}]}}