{"id":92560,"date":"2025-03-13T12:35:17","date_gmt":"2025-03-13T15:35:17","guid":{"rendered":"https:\/\/www.todoeldia.com\/?p=92560"},"modified":"2025-03-13T12:35:18","modified_gmt":"2025-03-13T15:35:18","slug":"en-cuatricilo-gendarmeria-llego-hasta-un-paraje-en-la-quebrada-del-toro-para-asistir-a-una-familia","status":"publish","type":"post","link":"https:\/\/www.todoeldia.com\/index.php\/2025\/03\/13\/en-cuatricilo-gendarmeria-llego-hasta-un-paraje-en-la-quebrada-del-toro-para-asistir-a-una-familia\/","title":{"rendered":"En Cuatricilo Gendarmer\u00eda lleg\u00f3 hasta un paraje en la Quebrada del Toro para asistir a una familia"},"content":{"rendered":"\n<p>Gracias al esfuerzo del personal de Gendarmer\u00eda Nacional &#8220;Escuadr\u00f3n 22 San Antonio de los Cobres&#8221;, se logr\u00f3 acceder al paraje Lari Lari y verificar el estado de salud de la se\u00f1ora Ubalda Lamas y su familia.<\/p>\n\n\n\n<p>Fue una larga semana de incertidumbre ya que tras el desastre del temporal en la quebrada del Toro la familia permanec\u00eda incomunicada.<\/p>\n\n\n\n<figure class=\"wp-block-image size-full is-resized\"><img loading=\"lazy\" decoding=\"async\" width=\"517\" height=\"281\" src=\"https:\/\/www.todoeldia.com\/wp-content\/uploads\/2025\/03\/image-77.png\" alt=\"\" class=\"wp-image-92562\" style=\"width:932px;height:auto\" srcset=\"https:\/\/www.todoeldia.com\/wp-content\/uploads\/2025\/03\/image-77.png 517w, https:\/\/www.todoeldia.com\/wp-content\/uploads\/2025\/03\/image-77-300x163.png 300w\" sizes=\"auto, (max-width: 517px) 100vw, 517px\" \/><\/figure>\n\n\n\n<p>El paraje Lari Lari se ubica en una zona de dif\u00edcil acceso entre Las Cuevas y El Palomar; y la hija de Ubalda -que reside en Campo Quijano- hab\u00eda solicitado ayuda ya que no ten\u00eda noticias de su madre desde los aludes por la tormenta de la semana pasada.<\/p>\n\n\n\n<figure class=\"wp-block-image size-full\"><img loading=\"lazy\" decoding=\"async\" width=\"1025\" height=\"560\" src=\"https:\/\/www.todoeldia.com\/wp-content\/uploads\/2025\/03\/image-78.png\" alt=\"\" class=\"wp-image-92563\" srcset=\"https:\/\/www.todoeldia.com\/wp-content\/uploads\/2025\/03\/image-78.png 1025w, https:\/\/www.todoeldia.com\/wp-content\/uploads\/2025\/03\/image-78-300x164.png 300w, https:\/\/www.todoeldia.com\/wp-content\/uploads\/2025\/03\/image-78-768x420.png 768w, https:\/\/www.todoeldia.com\/wp-content\/uploads\/2025\/03\/image-78-769x420.png 769w, https:\/\/www.todoeldia.com\/wp-content\/uploads\/2025\/03\/image-78-696x380.png 696w\" sizes=\"auto, (max-width: 1025px) 100vw, 1025px\" \/><\/figure>\n\n\n\n<p>Al llegar al paraje, Gendarmer\u00eda facilit\u00f3 la comunicaci\u00f3n entre la se\u00f1ora lamas y su hija a trav\u00e9s de un tel\u00e9fono satelital, lo que tranquiliz\u00f3 a todos al saber que la se\u00f1ora se encontraba en buen estado.<\/p>\n\n\n\n<figure class=\"wp-block-image size-large\"><img loading=\"lazy\" decoding=\"async\" width=\"1024\" height=\"407\" src=\"https:\/\/www.todoeldia.com\/wp-content\/uploads\/2025\/03\/image-79-1024x407.png\" alt=\"\" class=\"wp-image-92564\" srcset=\"https:\/\/www.todoeldia.com\/wp-content\/uploads\/2025\/03\/image-79-1024x407.png 1024w, https:\/\/www.todoeldia.com\/wp-content\/uploads\/2025\/03\/image-79-300x119.png 300w, https:\/\/www.todoeldia.com\/wp-content\/uploads\/2025\/03\/image-79-768x305.png 768w, https:\/\/www.todoeldia.com\/wp-content\/uploads\/2025\/03\/image-79-696x277.png 696w, https:\/\/www.todoeldia.com\/wp-content\/uploads\/2025\/03\/image-79.png 1032w\" sizes=\"auto, (max-width: 1024px) 100vw, 1024px\" \/><\/figure>\n\n\n\n<p>Personal de la fuerza asisti\u00f3 a la familia, dejando algunos v\u00edveres, ropa y agua, como tambi\u00e9n verificando la salud de cada uno de los miembros.<\/p>\n\n\n\n<figure class=\"wp-block-image size-full is-resized\"><img loading=\"lazy\" decoding=\"async\" width=\"809\" height=\"440\" src=\"https:\/\/www.todoeldia.com\/wp-content\/uploads\/2025\/03\/image-80.png\" alt=\"\" class=\"wp-image-92565\" style=\"width:932px;height:auto\" srcset=\"https:\/\/www.todoeldia.com\/wp-content\/uploads\/2025\/03\/image-80.png 809w, https:\/\/www.todoeldia.com\/wp-content\/uploads\/2025\/03\/image-80-300x163.png 300w, https:\/\/www.todoeldia.com\/wp-content\/uploads\/2025\/03\/image-80-768x418.png 768w, https:\/\/www.todoeldia.com\/wp-content\/uploads\/2025\/03\/image-80-772x420.png 772w, https:\/\/www.todoeldia.com\/wp-content\/uploads\/2025\/03\/image-80-696x379.png 696w\" sizes=\"auto, (max-width: 809px) 100vw, 809px\" \/><\/figure>\n\n\n\n<p>En im\u00e1genes se puede ver la dificultad del terreno y la necesidad de veh\u00edculos especiales para poder concretar la misi\u00f3n.<\/p>\n\n\n\n<figure class=\"wp-block-image size-large\"><img loading=\"lazy\" decoding=\"async\" width=\"1024\" height=\"985\" src=\"https:\/\/www.todoeldia.com\/wp-content\/uploads\/2025\/03\/gendarme-en-cuatriciclo1-1024x985.jpg\" alt=\"\" class=\"wp-image-92567\" srcset=\"https:\/\/www.todoeldia.com\/wp-content\/uploads\/2025\/03\/gendarme-en-cuatriciclo1-1024x985.jpg 1024w, https:\/\/www.todoeldia.com\/wp-content\/uploads\/2025\/03\/gendarme-en-cuatriciclo1-300x288.jpg 300w, https:\/\/www.todoeldia.com\/wp-content\/uploads\/2025\/03\/gendarme-en-cuatriciclo1-768x738.jpg 768w, https:\/\/www.todoeldia.com\/wp-content\/uploads\/2025\/03\/gendarme-en-cuatriciclo1-437x420.jpg 437w, https:\/\/www.todoeldia.com\/wp-content\/uploads\/2025\/03\/gendarme-en-cuatriciclo1-696x669.jpg 696w, https:\/\/www.todoeldia.com\/wp-content\/uploads\/2025\/03\/gendarme-en-cuatriciclo1-1068x1027.jpg 1068w, https:\/\/www.todoeldia.com\/wp-content\/uploads\/2025\/03\/gendarme-en-cuatriciclo1.jpg 1248w\" sizes=\"auto, (max-width: 1024px) 100vw, 1024px\" \/><\/figure>\n","protected":false},"excerpt":{"rendered":"<p>Gracias al esfuerzo del personal de Gendarmer\u00eda Nacional &#8220;Escuadr\u00f3n 22 San Antonio de los Cobres&#8221;, se logr\u00f3 acceder al paraje Lari Lari y verificar el estado de salud de la se\u00f1ora Ubalda Lamas y su familia. Fue una larga semana de incertidumbre ya que tras el desastre del temporal en la quebrada del Toro la [&hellip;]<\/p>\n","protected":false},"author":2,"featured_media":92561,"comment_status":"open","ping_status":"open","sticky":false,"template":"","format":"standard","meta":{"tdm_status":"","tdm_grid_status":"","_joinchat":[],"footnotes":""},"categories":[73],"tags":[],"class_list":{"0":"post-92560","1":"post","2":"type-post","3":"status-publish","4":"format-standard","5":"has-post-thumbnail","7":"category-noticias-general"},"amp_enabled":true,"_links":{"self":[{"href":"https:\/\/www.todoeldia.com\/index.php\/wp-json\/wp\/v2\/posts\/92560","targetHints":{"allow":["GET"]}}],"collection":[{"href":"https:\/\/www.todoeldia.com\/index.php\/wp-json\/wp\/v2\/posts"}],"about":[{"href":"https:\/\/www.todoeldia.com\/index.php\/wp-json\/wp\/v2\/types\/post"}],"author":[{"embeddable":true,"href":"https:\/\/www.todoeldia.com\/index.php\/wp-json\/wp\/v2\/users\/2"}],"replies":[{"embeddable":true,"href":"https:\/\/www.todoeldia.com\/index.php\/wp-json\/wp\/v2\/comments?post=92560"}],"version-history":[{"count":1,"href":"https:\/\/www.todoeldia.com\/index.php\/wp-json\/wp\/v2\/posts\/92560\/revisions"}],"predecessor-version":[{"id":92568,"href":"https:\/\/www.todoeldia.com\/index.php\/wp-json\/wp\/v2\/posts\/92560\/revisions\/92568"}],"wp:featuredmedia":[{"embeddable":true,"href":"https:\/\/www.todoeldia.com\/index.php\/wp-json\/wp\/v2\/media\/92561"}],"wp:attachment":[{"href":"https:\/\/www.todoeldia.com\/index.php\/wp-json\/wp\/v2\/media?parent=92560"}],"wp:term":[{"taxonomy":"category","embeddable":true,"href":"https:\/\/www.todoeldia.com\/index.php\/wp-json\/wp\/v2\/categories?post=92560"},{"taxonomy":"post_tag","embeddable":true,"href":"https:\/\/www.todoeldia.com\/index.php\/wp-json\/wp\/v2\/tags?post=92560"}],"curies":[{"name":"wp","href":"https:\/\/api.w.org\/{rel}","templated":true}]}}