{"id":92866,"date":"2025-03-20T12:26:13","date_gmt":"2025-03-20T15:26:13","guid":{"rendered":"https:\/\/www.todoeldia.com\/?p=92866"},"modified":"2025-03-20T12:26:14","modified_gmt":"2025-03-20T15:26:14","slug":"escandalo-con-una-campana-solidaria-para-la-quebrada-del-toro-en-quijano","status":"publish","type":"post","link":"https:\/\/www.todoeldia.com\/index.php\/2025\/03\/20\/escandalo-con-una-campana-solidaria-para-la-quebrada-del-toro-en-quijano\/","title":{"rendered":"Esc\u00e1ndalo con una campa\u00f1a solidaria para la Quebrada del Toro en Quijano"},"content":{"rendered":"\n<p>Un esc\u00e1ndalo de proporciones se produjo en las \u00faltimas horas en Campo Quijano, luego de que la Juventud Peronista difundiera un video, donde hace propia una campa\u00f1a realizada el domingo pasado en la glorieta de la plaza Mart\u00edn Fierro, para los afectados por la naturaleza en la Quebrada del Toro. La situaci\u00f3n gener\u00f3 incertidumbre en algunos vecinos que llevaron sus donaciones solidarias a los quebrade\u00f1os y ahora son utilizados pol\u00edticamente.<\/p>\n\n\n\n<p>Hasta ahora no hay un comunicado oficial de los organizadores puesto que uno de ellos es un funcionario municipal y no ha hecho ning\u00fan tipo de aclaraci\u00f3n al respecto. Solamente en las redes sociales diciendo que \u201cla Juventud Peronista se apropi\u00f3 de la organizaci\u00f3n\u201d.<\/p>\n\n\n\n<p>El esc\u00e1ndalo es de tal magnitud que muchos folcloristas que participaron est\u00e1n esperando alguna respuesta p\u00fablica y un repudio a la Juventud Peronista, pero hasta ahora no ha aparecido. Simplemente el video en cuesti\u00f3n se ha borrado de las redes sociales y hoy levanta pol\u00e9mica; porque involucra a vecinos, cantantes, incluso hasta la parroquia Santiago ap\u00f3stol de Campo Quijano.<\/p>\n\n\n\n<p>Valle de Lerma Hoy<\/p>\n","protected":false},"excerpt":{"rendered":"<p>Un esc\u00e1ndalo de proporciones se produjo en las \u00faltimas horas en Campo Quijano, luego de que la Juventud Peronista difundiera un video, donde hace propia una campa\u00f1a realizada el domingo pasado en la glorieta de la plaza Mart\u00edn Fierro, para los afectados por la naturaleza en la Quebrada del Toro. La situaci\u00f3n gener\u00f3 incertidumbre en [&hellip;]<\/p>\n","protected":false},"author":2,"featured_media":92867,"comment_status":"open","ping_status":"open","sticky":false,"template":"","format":"standard","meta":{"tdm_status":"","tdm_grid_status":"","_joinchat":[],"footnotes":""},"categories":[59],"tags":[],"class_list":{"0":"post-92866","1":"post","2":"type-post","3":"status-publish","4":"format-standard","5":"has-post-thumbnail","7":"category-politica"},"amp_enabled":true,"_links":{"self":[{"href":"https:\/\/www.todoeldia.com\/index.php\/wp-json\/wp\/v2\/posts\/92866","targetHints":{"allow":["GET"]}}],"collection":[{"href":"https:\/\/www.todoeldia.com\/index.php\/wp-json\/wp\/v2\/posts"}],"about":[{"href":"https:\/\/www.todoeldia.com\/index.php\/wp-json\/wp\/v2\/types\/post"}],"author":[{"embeddable":true,"href":"https:\/\/www.todoeldia.com\/index.php\/wp-json\/wp\/v2\/users\/2"}],"replies":[{"embeddable":true,"href":"https:\/\/www.todoeldia.com\/index.php\/wp-json\/wp\/v2\/comments?post=92866"}],"version-history":[{"count":1,"href":"https:\/\/www.todoeldia.com\/index.php\/wp-json\/wp\/v2\/posts\/92866\/revisions"}],"predecessor-version":[{"id":92868,"href":"https:\/\/www.todoeldia.com\/index.php\/wp-json\/wp\/v2\/posts\/92866\/revisions\/92868"}],"wp:featuredmedia":[{"embeddable":true,"href":"https:\/\/www.todoeldia.com\/index.php\/wp-json\/wp\/v2\/media\/92867"}],"wp:attachment":[{"href":"https:\/\/www.todoeldia.com\/index.php\/wp-json\/wp\/v2\/media?parent=92866"}],"wp:term":[{"taxonomy":"category","embeddable":true,"href":"https:\/\/www.todoeldia.com\/index.php\/wp-json\/wp\/v2\/categories?post=92866"},{"taxonomy":"post_tag","embeddable":true,"href":"https:\/\/www.todoeldia.com\/index.php\/wp-json\/wp\/v2\/tags?post=92866"}],"curies":[{"name":"wp","href":"https:\/\/api.w.org\/{rel}","templated":true}]}}