{"id":92884,"date":"2025-03-20T19:39:20","date_gmt":"2025-03-20T22:39:20","guid":{"rendered":"https:\/\/www.todoeldia.com\/?p=92884"},"modified":"2025-03-20T19:39:21","modified_gmt":"2025-03-20T22:39:21","slug":"saenz-y-berni-no-podran-utilizar-el-nombre-de-frente-peronista-salteno-en-las-elecciones-de-mayo","status":"publish","type":"post","link":"https:\/\/www.todoeldia.com\/index.php\/2025\/03\/20\/saenz-y-berni-no-podran-utilizar-el-nombre-de-frente-peronista-salteno-en-las-elecciones-de-mayo\/","title":{"rendered":"S\u00e1enz y Berni no podr\u00e1n utilizar el nombre de \u201cFrente Peronista Salte\u00f1o\u201d en las elecciones de mayo"},"content":{"rendered":"\n<p>El Tribunal Electoral de Salta dispuso prohibir el uso del nombre \u201cFrente Peronista Salte\u00f1o\u201d para las elecciones que se llevar\u00e1n a cabo en la Provincia el pr\u00f3ximo 11 de mayo.<\/p>\n\n\n\n<p>Tanto Gustavo S\u00e1enz como Sergio Berni, Interventor del PJ de Salta presentaron esa denominaci\u00f3n al vencer el plazo para la inscripci\u00f3n de los frentes que competir\u00e1n en los comicios.<\/p>\n\n\n\n<p>De esta manera ninguna de las dos agrupaciones podr\u00e1 utilizar el t\u00e9rmino \u201cperonista\u201d.<\/p>\n","protected":false},"excerpt":{"rendered":"<p>El Tribunal Electoral de Salta dispuso prohibir el uso del nombre \u201cFrente Peronista Salte\u00f1o\u201d para las elecciones que se llevar\u00e1n a cabo en la Provincia el pr\u00f3ximo 11 de mayo. Tanto Gustavo S\u00e1enz como Sergio Berni, Interventor del PJ de Salta presentaron esa denominaci\u00f3n al vencer el plazo para la inscripci\u00f3n de los frentes que [&hellip;]<\/p>\n","protected":false},"author":2,"featured_media":92529,"comment_status":"open","ping_status":"open","sticky":false,"template":"","format":"standard","meta":{"tdm_status":"","tdm_grid_status":"","_joinchat":[],"footnotes":""},"categories":[59],"tags":[],"class_list":{"0":"post-92884","1":"post","2":"type-post","3":"status-publish","4":"format-standard","5":"has-post-thumbnail","7":"category-politica"},"amp_enabled":true,"_links":{"self":[{"href":"https:\/\/www.todoeldia.com\/index.php\/wp-json\/wp\/v2\/posts\/92884","targetHints":{"allow":["GET"]}}],"collection":[{"href":"https:\/\/www.todoeldia.com\/index.php\/wp-json\/wp\/v2\/posts"}],"about":[{"href":"https:\/\/www.todoeldia.com\/index.php\/wp-json\/wp\/v2\/types\/post"}],"author":[{"embeddable":true,"href":"https:\/\/www.todoeldia.com\/index.php\/wp-json\/wp\/v2\/users\/2"}],"replies":[{"embeddable":true,"href":"https:\/\/www.todoeldia.com\/index.php\/wp-json\/wp\/v2\/comments?post=92884"}],"version-history":[{"count":1,"href":"https:\/\/www.todoeldia.com\/index.php\/wp-json\/wp\/v2\/posts\/92884\/revisions"}],"predecessor-version":[{"id":92885,"href":"https:\/\/www.todoeldia.com\/index.php\/wp-json\/wp\/v2\/posts\/92884\/revisions\/92885"}],"wp:featuredmedia":[{"embeddable":true,"href":"https:\/\/www.todoeldia.com\/index.php\/wp-json\/wp\/v2\/media\/92529"}],"wp:attachment":[{"href":"https:\/\/www.todoeldia.com\/index.php\/wp-json\/wp\/v2\/media?parent=92884"}],"wp:term":[{"taxonomy":"category","embeddable":true,"href":"https:\/\/www.todoeldia.com\/index.php\/wp-json\/wp\/v2\/categories?post=92884"},{"taxonomy":"post_tag","embeddable":true,"href":"https:\/\/www.todoeldia.com\/index.php\/wp-json\/wp\/v2\/tags?post=92884"}],"curies":[{"name":"wp","href":"https:\/\/api.w.org\/{rel}","templated":true}]}}