{"id":92889,"date":"2025-03-21T10:13:13","date_gmt":"2025-03-21T13:13:13","guid":{"rendered":"https:\/\/www.todoeldia.com\/?p=92889"},"modified":"2025-03-21T10:13:14","modified_gmt":"2025-03-21T13:13:14","slug":"saenz-tendra-su-frente-vamos-salta-y-berni-frente-justicialista-salteno","status":"publish","type":"post","link":"https:\/\/www.todoeldia.com\/index.php\/2025\/03\/21\/saenz-tendra-su-frente-vamos-salta-y-berni-frente-justicialista-salteno\/","title":{"rendered":"S\u00e1enz tendr\u00e1 su frente \u201cVamos Salta\u201d y Berni \u201cFrente Justicialista Salte\u00f1o\u201d"},"content":{"rendered":"\n<p>Debido a que dos frentes electorales se presentaron como \u201cFrente Peronista Salte\u00f1o\u201d, el Tribunal Electoral prohibi\u00f3 el uso de esa denominaci\u00f3n, raz\u00f3n por la cual ambos tuvieron que cambiar su nombre.<\/p>\n\n\n\n<p>Uno de ellos pertenece al Gobernador, Gustavo S\u00e1enz que se inscribi\u00f3 con \u201cVamos Salta\u201d, y el restante a la intervenci\u00f3n del PJ a cargo de Sergio Berni que pas\u00f3 a llamarse \u201cFrente Justicialista Salte\u00f1o\u201d.<\/p>\n","protected":false},"excerpt":{"rendered":"<p>Debido a que dos frentes electorales se presentaron como \u201cFrente Peronista Salte\u00f1o\u201d, el Tribunal Electoral prohibi\u00f3 el uso de esa denominaci\u00f3n, raz\u00f3n por la cual ambos tuvieron que cambiar su nombre. Uno de ellos pertenece al Gobernador, Gustavo S\u00e1enz que se inscribi\u00f3 con \u201cVamos Salta\u201d, y el restante a la intervenci\u00f3n del PJ a cargo [&hellip;]<\/p>\n","protected":false},"author":2,"featured_media":92529,"comment_status":"open","ping_status":"open","sticky":false,"template":"","format":"standard","meta":{"tdm_status":"","tdm_grid_status":"","_joinchat":[],"footnotes":""},"categories":[59],"tags":[],"class_list":{"0":"post-92889","1":"post","2":"type-post","3":"status-publish","4":"format-standard","5":"has-post-thumbnail","7":"category-politica"},"amp_enabled":true,"_links":{"self":[{"href":"https:\/\/www.todoeldia.com\/index.php\/wp-json\/wp\/v2\/posts\/92889","targetHints":{"allow":["GET"]}}],"collection":[{"href":"https:\/\/www.todoeldia.com\/index.php\/wp-json\/wp\/v2\/posts"}],"about":[{"href":"https:\/\/www.todoeldia.com\/index.php\/wp-json\/wp\/v2\/types\/post"}],"author":[{"embeddable":true,"href":"https:\/\/www.todoeldia.com\/index.php\/wp-json\/wp\/v2\/users\/2"}],"replies":[{"embeddable":true,"href":"https:\/\/www.todoeldia.com\/index.php\/wp-json\/wp\/v2\/comments?post=92889"}],"version-history":[{"count":1,"href":"https:\/\/www.todoeldia.com\/index.php\/wp-json\/wp\/v2\/posts\/92889\/revisions"}],"predecessor-version":[{"id":92890,"href":"https:\/\/www.todoeldia.com\/index.php\/wp-json\/wp\/v2\/posts\/92889\/revisions\/92890"}],"wp:featuredmedia":[{"embeddable":true,"href":"https:\/\/www.todoeldia.com\/index.php\/wp-json\/wp\/v2\/media\/92529"}],"wp:attachment":[{"href":"https:\/\/www.todoeldia.com\/index.php\/wp-json\/wp\/v2\/media?parent=92889"}],"wp:term":[{"taxonomy":"category","embeddable":true,"href":"https:\/\/www.todoeldia.com\/index.php\/wp-json\/wp\/v2\/categories?post=92889"},{"taxonomy":"post_tag","embeddable":true,"href":"https:\/\/www.todoeldia.com\/index.php\/wp-json\/wp\/v2\/tags?post=92889"}],"curies":[{"name":"wp","href":"https:\/\/api.w.org\/{rel}","templated":true}]}}