{"id":92939,"date":"2025-03-21T13:58:56","date_gmt":"2025-03-21T16:58:56","guid":{"rendered":"https:\/\/www.todoeldia.com\/?p=92939"},"modified":"2025-03-21T13:58:57","modified_gmt":"2025-03-21T16:58:57","slug":"imputaron-al-narco-que-vendia-drogas-en-castanares","status":"publish","type":"post","link":"https:\/\/www.todoeldia.com\/index.php\/2025\/03\/21\/imputaron-al-narco-que-vendia-drogas-en-castanares\/","title":{"rendered":"Imputaron al narco que vend\u00eda drogas en Casta\u00f1ares"},"content":{"rendered":"\n<p>El hombre fue detenido con m\u00e1s de 700 dosis de coca\u00edna, elementos empleados para el fraccionamiento y comercializaci\u00f3n.<\/p>\n\n\n\n<p>El fiscal penal de la Unidad Fiscal contra la Narcocriminalidad, Gustavo Torres Rubelt, imput\u00f3 provisionalmente a un hombre por el delito de comercializaci\u00f3n de estupefacientes. Durante la audiencia, fue asistido por un defensor oficial y opt\u00f3 por no prestar declaraci\u00f3n ni responder preguntas de la Fiscal\u00eda.<\/p>\n\n\n\n<p>El hombre fue detenido el martes pasado en horas de la noche en la puerta de su domicilio como resultado de una investigaci\u00f3n que llev\u00f3 adelante la Divisi\u00f3n de Drogas de la Polic\u00eda de la Provincia, bajo la direcci\u00f3n de UFINAR. Esto a ra\u00edz de una denuncia que lo acusaba de vender drogas en barrio Casta\u00f1ares.<\/p>\n\n\n\n<p>Al momento de ser requisado, el sospechoso ten\u00eda en su poder dos envoltorios conteniendo una sustancia amarillenta, una balanza gramera, una trincheta con restos de sustancia, dinero en efectivo y celular. En el suelo, junto al lugar donde se encontraba parado el sujeto, el can antinarc\u00f3ticos hall\u00f3 un envoltorio de polietileno blanco conteniendo en su interior sustancia amarillenta en forma compacta.<\/p>\n\n\n\n<p>El narcotest realizado en la sustancia arroj\u00f3 positivo para coca\u00edna y sus derivados, en una cantidad superior a las 700 dosis.<\/p>\n","protected":false},"excerpt":{"rendered":"<p>El hombre fue detenido con m\u00e1s de 700 dosis de coca\u00edna, elementos empleados para el fraccionamiento y comercializaci\u00f3n. El fiscal penal de la Unidad Fiscal contra la Narcocriminalidad, Gustavo Torres Rubelt, imput\u00f3 provisionalmente a un hombre por el delito de comercializaci\u00f3n de estupefacientes. Durante la audiencia, fue asistido por un defensor oficial y opt\u00f3 por [&hellip;]<\/p>\n","protected":false},"author":2,"featured_media":76519,"comment_status":"open","ping_status":"open","sticky":false,"template":"","format":"standard","meta":{"tdm_status":"","tdm_grid_status":"","_joinchat":[],"footnotes":""},"categories":[63],"tags":[],"class_list":{"0":"post-92939","1":"post","2":"type-post","3":"status-publish","4":"format-standard","5":"has-post-thumbnail","7":"category-policiales"},"amp_enabled":true,"_links":{"self":[{"href":"https:\/\/www.todoeldia.com\/index.php\/wp-json\/wp\/v2\/posts\/92939","targetHints":{"allow":["GET"]}}],"collection":[{"href":"https:\/\/www.todoeldia.com\/index.php\/wp-json\/wp\/v2\/posts"}],"about":[{"href":"https:\/\/www.todoeldia.com\/index.php\/wp-json\/wp\/v2\/types\/post"}],"author":[{"embeddable":true,"href":"https:\/\/www.todoeldia.com\/index.php\/wp-json\/wp\/v2\/users\/2"}],"replies":[{"embeddable":true,"href":"https:\/\/www.todoeldia.com\/index.php\/wp-json\/wp\/v2\/comments?post=92939"}],"version-history":[{"count":1,"href":"https:\/\/www.todoeldia.com\/index.php\/wp-json\/wp\/v2\/posts\/92939\/revisions"}],"predecessor-version":[{"id":92940,"href":"https:\/\/www.todoeldia.com\/index.php\/wp-json\/wp\/v2\/posts\/92939\/revisions\/92940"}],"wp:featuredmedia":[{"embeddable":true,"href":"https:\/\/www.todoeldia.com\/index.php\/wp-json\/wp\/v2\/media\/76519"}],"wp:attachment":[{"href":"https:\/\/www.todoeldia.com\/index.php\/wp-json\/wp\/v2\/media?parent=92939"}],"wp:term":[{"taxonomy":"category","embeddable":true,"href":"https:\/\/www.todoeldia.com\/index.php\/wp-json\/wp\/v2\/categories?post=92939"},{"taxonomy":"post_tag","embeddable":true,"href":"https:\/\/www.todoeldia.com\/index.php\/wp-json\/wp\/v2\/tags?post=92939"}],"curies":[{"name":"wp","href":"https:\/\/api.w.org\/{rel}","templated":true}]}}