{"id":92941,"date":"2025-03-21T14:03:40","date_gmt":"2025-03-21T17:03:40","guid":{"rendered":"https:\/\/www.todoeldia.com\/?p=92941"},"modified":"2025-03-21T14:03:41","modified_gmt":"2025-03-21T17:03:41","slug":"en-agosto-se-realizara-el-juicio-contra-marcos-adrian-abrebanel-el-odontologo-abusador","status":"publish","type":"post","link":"https:\/\/www.todoeldia.com\/index.php\/2025\/03\/21\/en-agosto-se-realizara-el-juicio-contra-marcos-adrian-abrebanel-el-odontologo-abusador\/","title":{"rendered":"En agosto se realizar\u00e1 el juicio contra Marcos Adri\u00e1n Abrebanel el odont\u00f3logo abusador"},"content":{"rendered":"\n<p>Del 7 al 18 de agosto de este a\u00f1o se llevar\u00e1 a cabo la audiencia de debate en la causa seguida contra el odont\u00f3logo Marcos Adri\u00e1n Abrebanel, imputado por los delitos de abuso sexual simple en concurso real con abuso sexual con acceso carnal en perjuicio de una menor de 15 a\u00f1os y abuso sexual simple (continuado) en concurso real con abuso sexual con acceso carnal en perjuicio de otra joven que ten\u00eda 16 a\u00f1os al momento de los hechos.<\/p>\n\n\n\n<figure class=\"wp-block-image size-full is-resized\"><img loading=\"lazy\" decoding=\"async\" width=\"674\" height=\"1000\" src=\"https:\/\/www.todoeldia.com\/wp-content\/uploads\/2023\/03\/folletos-odontologo.jpg\" alt=\"\" class=\"wp-image-54645\" style=\"width:932px;height:auto\" srcset=\"https:\/\/www.todoeldia.com\/wp-content\/uploads\/2023\/03\/folletos-odontologo.jpg 674w, https:\/\/www.todoeldia.com\/wp-content\/uploads\/2023\/03\/folletos-odontologo-202x300.jpg 202w, https:\/\/www.todoeldia.com\/wp-content\/uploads\/2023\/03\/folletos-odontologo-300x445.jpg 300w, https:\/\/www.todoeldia.com\/wp-content\/uploads\/2023\/03\/folletos-odontologo-283x420.jpg 283w\" sizes=\"auto, (max-width: 674px) 100vw, 674px\" \/><\/figure>\n\n\n\n<p>El juicio se desarrollar\u00e1 en la Sala IV con tribunal colegiado presidido por el juez Maximiliano Troyano.<\/p>\n\n\n\n<p>El acusado se encuentra cumpliendo prisi\u00f3n preventiva en la Alcaid\u00eda General de la Provincia.<\/p>\n","protected":false},"excerpt":{"rendered":"<p>Del 7 al 18 de agosto de este a\u00f1o se llevar\u00e1 a cabo la audiencia de debate en la causa seguida contra el odont\u00f3logo Marcos Adri\u00e1n Abrebanel, imputado por los delitos de abuso sexual simple en concurso real con abuso sexual con acceso carnal en perjuicio de una menor de 15 a\u00f1os y abuso sexual [&hellip;]<\/p>\n","protected":false},"author":2,"featured_media":55422,"comment_status":"open","ping_status":"open","sticky":false,"template":"","format":"standard","meta":{"tdm_status":"","tdm_grid_status":"","_joinchat":[],"footnotes":""},"categories":[63],"tags":[],"class_list":{"0":"post-92941","1":"post","2":"type-post","3":"status-publish","4":"format-standard","5":"has-post-thumbnail","7":"category-policiales"},"amp_enabled":true,"_links":{"self":[{"href":"https:\/\/www.todoeldia.com\/index.php\/wp-json\/wp\/v2\/posts\/92941","targetHints":{"allow":["GET"]}}],"collection":[{"href":"https:\/\/www.todoeldia.com\/index.php\/wp-json\/wp\/v2\/posts"}],"about":[{"href":"https:\/\/www.todoeldia.com\/index.php\/wp-json\/wp\/v2\/types\/post"}],"author":[{"embeddable":true,"href":"https:\/\/www.todoeldia.com\/index.php\/wp-json\/wp\/v2\/users\/2"}],"replies":[{"embeddable":true,"href":"https:\/\/www.todoeldia.com\/index.php\/wp-json\/wp\/v2\/comments?post=92941"}],"version-history":[{"count":1,"href":"https:\/\/www.todoeldia.com\/index.php\/wp-json\/wp\/v2\/posts\/92941\/revisions"}],"predecessor-version":[{"id":92942,"href":"https:\/\/www.todoeldia.com\/index.php\/wp-json\/wp\/v2\/posts\/92941\/revisions\/92942"}],"wp:featuredmedia":[{"embeddable":true,"href":"https:\/\/www.todoeldia.com\/index.php\/wp-json\/wp\/v2\/media\/55422"}],"wp:attachment":[{"href":"https:\/\/www.todoeldia.com\/index.php\/wp-json\/wp\/v2\/media?parent=92941"}],"wp:term":[{"taxonomy":"category","embeddable":true,"href":"https:\/\/www.todoeldia.com\/index.php\/wp-json\/wp\/v2\/categories?post=92941"},{"taxonomy":"post_tag","embeddable":true,"href":"https:\/\/www.todoeldia.com\/index.php\/wp-json\/wp\/v2\/tags?post=92941"}],"curies":[{"name":"wp","href":"https:\/\/api.w.org\/{rel}","templated":true}]}}