{"id":9298,"date":"2020-10-23T21:35:13","date_gmt":"2020-10-24T00:35:13","guid":{"rendered":"https:\/\/www.todoeldia.com\/?p=9298"},"modified":"2020-10-23T21:35:14","modified_gmt":"2020-10-24T00:35:14","slug":"aguaray-corte-de-ruta-violento-manifestantes-destrozaron-los-autos-con-piedras","status":"publish","type":"post","link":"https:\/\/www.todoeldia.com\/index.php\/2020\/10\/23\/aguaray-corte-de-ruta-violento-manifestantes-destrozaron-los-autos-con-piedras\/","title":{"rendered":"Aguaray: corte de ruta violento, manifestantes destrozaron los autos con piedras"},"content":{"rendered":"\n<p>Agredieron a un grupo de personas que pasaban por el corte de ruta instalado en la jurisdicci\u00f3n de Aguaray, altura Tres Quebradas.<\/p>\n\n\n\n<p>Eran Trabajadores de planes de autos de nuestra ciudad, que regresaban de Salvador Mazza y que hace m\u00e1s de 30 a\u00f1os el mayor de ellos, se desempe\u00f1a en el rubro.<\/p>\n\n\n\n<figure class=\"wp-block-image is-resized\"><img loading=\"lazy\" decoding=\"async\" src=\"https:\/\/i3.wp.com\/ciudadfm.com.ar\/wp-content\/uploads\/2020\/10\/FB_IMG_1603457196849.jpg\" alt=\"\" width=\"1066\" height=\"1431\"\/><\/figure>\n\n\n\n<p><br>Consultado a una de las personas que tuvo este incidente, se\u00f1al\u00f3 que hace dos d\u00edas atr\u00e1s ya hubo una situaci\u00f3n extrema con los manifestantes (en su mayor\u00eda mujeres), debido a que \u00e9l junto a su padre se hab\u00edan acercado para pedir los dejen pasar porque ten\u00edan que trabajar en la zona de Salvador Mazza.<br>El d\u00eda jueves comenz\u00f3 la agresi\u00f3n por parte de los manifestantes que inclusive pelearon con las mismas ramas, gritando que por hacer l\u00edo se quedar\u00edan dos horas m\u00e1s.<\/p>\n\n\n\n<p>Pasaron las horas y a las 19:00 aproximadamente, ya hab\u00eda malestar por parte de los camioneros y otras personas que esperaban se levante la medida para poder pasar. Cansados comenzaron a pasar por encima de las ramas, momento en que los mismos\u00a0golpearon con piedras y palos\u00a0el veh\u00edculo que tra\u00eda cuatro ocupantes.<\/p>\n\n\n\n<figure class=\"wp-block-image is-resized\"><img loading=\"lazy\" decoding=\"async\" src=\"https:\/\/i2.wp.com\/ciudadfm.com.ar\/wp-content\/uploads\/2020\/10\/FB_IMG_1603457194594.jpg\" alt=\"\" width=\"1063\" height=\"807\"\/><\/figure>\n\n\n\n<p>Facundo Rojas Joven que sufri\u00f3 de estas agresiones, realiz\u00f3 una publicaci\u00f3n con las fotos y v\u00eddeos del momento.<\/p>\n\n\n\n<p>El incidente ocurri\u00f3 a las 20:00 hs, Seg\u00fan se supo el resto de las personas pudieron pasar en las mismas condiciones.<br>Los ocupantes del veh\u00edculo, cuando llegaron a Tartagal inmediatamente se dirigieron al Hospital Juan Domingo Per\u00f3n.<\/p>\n\n\n\n<p>FM CIUDAD TARTAGAL<\/p>\n\n\n\n<p><\/p>\n\n\n\n<p><\/p>\n\n\n\n<figure class=\"wp-block-image\"><img decoding=\"async\" src=\"https:\/\/i1.wp.com\/ciudadfm.com.ar\/wp-content\/uploads\/2020\/10\/Screenshot_20201023-094717_Facebook.jpg\" alt=\"\"\/><\/figure>\n","protected":false},"excerpt":{"rendered":"<p>Agredieron a un grupo de personas que pasaban por el corte de ruta instalado en la jurisdicci\u00f3n de Aguaray, altura Tres Quebradas. Eran Trabajadores de planes de autos de nuestra ciudad, que regresaban de Salvador Mazza y que hace m\u00e1s de 30 a\u00f1os el mayor de ellos, se desempe\u00f1a en el rubro. Consultado a una [&hellip;]<\/p>\n","protected":false},"author":2,"featured_media":9299,"comment_status":"open","ping_status":"open","sticky":false,"template":"","format":"standard","meta":{"tdm_status":"","tdm_grid_status":"","_joinchat":[],"footnotes":""},"categories":[73],"tags":[],"class_list":{"0":"post-9298","1":"post","2":"type-post","3":"status-publish","4":"format-standard","5":"has-post-thumbnail","7":"category-noticias-general"},"amp_enabled":true,"_links":{"self":[{"href":"https:\/\/www.todoeldia.com\/index.php\/wp-json\/wp\/v2\/posts\/9298","targetHints":{"allow":["GET"]}}],"collection":[{"href":"https:\/\/www.todoeldia.com\/index.php\/wp-json\/wp\/v2\/posts"}],"about":[{"href":"https:\/\/www.todoeldia.com\/index.php\/wp-json\/wp\/v2\/types\/post"}],"author":[{"embeddable":true,"href":"https:\/\/www.todoeldia.com\/index.php\/wp-json\/wp\/v2\/users\/2"}],"replies":[{"embeddable":true,"href":"https:\/\/www.todoeldia.com\/index.php\/wp-json\/wp\/v2\/comments?post=9298"}],"version-history":[{"count":1,"href":"https:\/\/www.todoeldia.com\/index.php\/wp-json\/wp\/v2\/posts\/9298\/revisions"}],"predecessor-version":[{"id":9300,"href":"https:\/\/www.todoeldia.com\/index.php\/wp-json\/wp\/v2\/posts\/9298\/revisions\/9300"}],"wp:featuredmedia":[{"embeddable":true,"href":"https:\/\/www.todoeldia.com\/index.php\/wp-json\/wp\/v2\/media\/9299"}],"wp:attachment":[{"href":"https:\/\/www.todoeldia.com\/index.php\/wp-json\/wp\/v2\/media?parent=9298"}],"wp:term":[{"taxonomy":"category","embeddable":true,"href":"https:\/\/www.todoeldia.com\/index.php\/wp-json\/wp\/v2\/categories?post=9298"},{"taxonomy":"post_tag","embeddable":true,"href":"https:\/\/www.todoeldia.com\/index.php\/wp-json\/wp\/v2\/tags?post=9298"}],"curies":[{"name":"wp","href":"https:\/\/api.w.org\/{rel}","templated":true}]}}