{"id":92988,"date":"2025-03-24T19:32:58","date_gmt":"2025-03-24T22:32:58","guid":{"rendered":"https:\/\/www.todoeldia.com\/?p=92988"},"modified":"2025-03-24T19:32:59","modified_gmt":"2025-03-24T22:32:59","slug":"intendente-de-santa-victoria-dijo-que-el-gobernador-anduvo-por-donde-esta-todo-seco","status":"publish","type":"post","link":"https:\/\/www.todoeldia.com\/index.php\/2025\/03\/24\/intendente-de-santa-victoria-dijo-que-el-gobernador-anduvo-por-donde-esta-todo-seco\/","title":{"rendered":"Intendente de Santa Victoria dijo que \u201cel gobernador anduvo por donde est\u00e1 todo seco\u201d"},"content":{"rendered":"\n<p>El intendente de Santa Victoria Este, Rogelio Ner\u00f3n, repas\u00f3 el trabajo que se realiza en la regi\u00f3n ante el desborde del r\u00edo Pilcomayo, pero enfatiz\u00f3 que, a pesar de la cantidad de lluvia, el anillo resisti\u00f3 a las precipitaciones y al caudal del agua.<\/p>\n\n\n\n<p>Asegur\u00f3 que restan varias comunidades por asistir y en ocasi\u00f3n de evacuar a un grupo de pobladores, casi es arrastrado por las aguas junto a dos voluntarios.<\/p>\n\n\n\n<p>\u201cSi el gobernador me hubiera llamado, le mostraba el lugar donde todav\u00eda hay escuelas bajo el agua\u201d, se\u00f1al\u00f3.<\/p>\n\n\n\n<p>Ner\u00f3n record\u00f3 que hay varias comunidades sin luz y por esa raz\u00f3n no hay provisi\u00f3n de agua potable, \u201choy est\u00e1n tomando del Pilcomayo\u201d, y que ya han pedido que se faciliten m\u00e1s vuelos para llegar a los lugares m\u00e1s alejados, ya que por el estado de los caminos cubiertos de agua no es posible avanzar.<\/p>\n\n\n\n<p>\u201cYo ya ven\u00eda comprando y guardando rollos de pl\u00e1sticos y fue lo primero que se entreg\u00f3 a los paisanos \u201c, dec\u00eda por FM Alba este viernes por la tarde. \u201cNosotros usamos el pl\u00e1stico para cubrir ante la llegada del agua\u201d, destacaba.<\/p>\n\n\n\n<p>Sobre la llegada del gobernador Gustavo S\u00e1enz a la zona el jueves 20, Ner\u00f3n afirm\u00f3 que \u00e9l no estaba en Santa Victoria Este en el momento y desconoc\u00eda que el mandatario provincial arribaba.<\/p>\n\n\n\n<p>\u201cYo estaba en el camino entre La Estrella y Misi\u00f3n La Paz y junto a dos voluntarios fuimos arrastrados por el agua. &nbsp;En ese momento, nos enteramos que andaba el gobernador yo no lo sab\u00eda ni nadie me dijo nada\u201d, cont\u00f3.<\/p>\n\n\n\n<p>\u201chubiera ido realmente a ver los lugares que est\u00e1n bajo el agua, porque en las fotos que vi por donde estuvo, son lugares que est\u00e1n secos no hubiese hecho falta que le explique la ayuda que necesitamos\u201d.<\/p>\n\n\n\n<p>A pesar de todo, asegur\u00f3 no estar enojado, ya que las urgencias deben atenderse sobre todo cuando \u201cla tierra vaya sec\u00e1ndose\u201d. Sobre la correntada que casi lo lleva cuando remolcaban una chalana con pobladores evacuados, dijo que \u201clo que m\u00e1s me doli\u00f3 fueron los chicos, pisamos un pozo y el agua nos arrastr\u00f3 contra un puente, ah\u00ed quedamos y pudimos manotear a los dos nenes que el agua estaba llevando, si daban contra el puente de cemento estamos contando una desgracia\u201d.<\/p>\n","protected":false},"excerpt":{"rendered":"<p>El intendente de Santa Victoria Este, Rogelio Ner\u00f3n, repas\u00f3 el trabajo que se realiza en la regi\u00f3n ante el desborde del r\u00edo Pilcomayo, pero enfatiz\u00f3 que, a pesar de la cantidad de lluvia, el anillo resisti\u00f3 a las precipitaciones y al caudal del agua. Asegur\u00f3 que restan varias comunidades por asistir y en ocasi\u00f3n de [&hellip;]<\/p>\n","protected":false},"author":2,"featured_media":92989,"comment_status":"open","ping_status":"open","sticky":false,"template":"","format":"standard","meta":{"tdm_status":"","tdm_grid_status":"","_joinchat":[],"footnotes":""},"categories":[73],"tags":[],"class_list":{"0":"post-92988","1":"post","2":"type-post","3":"status-publish","4":"format-standard","5":"has-post-thumbnail","7":"category-noticias-general"},"amp_enabled":true,"_links":{"self":[{"href":"https:\/\/www.todoeldia.com\/index.php\/wp-json\/wp\/v2\/posts\/92988","targetHints":{"allow":["GET"]}}],"collection":[{"href":"https:\/\/www.todoeldia.com\/index.php\/wp-json\/wp\/v2\/posts"}],"about":[{"href":"https:\/\/www.todoeldia.com\/index.php\/wp-json\/wp\/v2\/types\/post"}],"author":[{"embeddable":true,"href":"https:\/\/www.todoeldia.com\/index.php\/wp-json\/wp\/v2\/users\/2"}],"replies":[{"embeddable":true,"href":"https:\/\/www.todoeldia.com\/index.php\/wp-json\/wp\/v2\/comments?post=92988"}],"version-history":[{"count":1,"href":"https:\/\/www.todoeldia.com\/index.php\/wp-json\/wp\/v2\/posts\/92988\/revisions"}],"predecessor-version":[{"id":92990,"href":"https:\/\/www.todoeldia.com\/index.php\/wp-json\/wp\/v2\/posts\/92988\/revisions\/92990"}],"wp:featuredmedia":[{"embeddable":true,"href":"https:\/\/www.todoeldia.com\/index.php\/wp-json\/wp\/v2\/media\/92989"}],"wp:attachment":[{"href":"https:\/\/www.todoeldia.com\/index.php\/wp-json\/wp\/v2\/media?parent=92988"}],"wp:term":[{"taxonomy":"category","embeddable":true,"href":"https:\/\/www.todoeldia.com\/index.php\/wp-json\/wp\/v2\/categories?post=92988"},{"taxonomy":"post_tag","embeddable":true,"href":"https:\/\/www.todoeldia.com\/index.php\/wp-json\/wp\/v2\/tags?post=92988"}],"curies":[{"name":"wp","href":"https:\/\/api.w.org\/{rel}","templated":true}]}}