{"id":9374,"date":"2020-10-25T20:06:42","date_gmt":"2020-10-25T23:06:42","guid":{"rendered":"https:\/\/www.todoeldia.com\/?p=9374"},"modified":"2020-10-25T20:06:43","modified_gmt":"2020-10-25T23:06:43","slug":"luis-miguel-etchevehere-no-le-tenemos-miedo-a-cristina-kirchner-ni-a-juan-grabois","status":"publish","type":"post","link":"https:\/\/www.todoeldia.com\/index.php\/2020\/10\/25\/luis-miguel-etchevehere-no-le-tenemos-miedo-a-cristina-kirchner-ni-a-juan-grabois\/","title":{"rendered":"Luis Miguel Etchevehere: \u201cNo le tenemos miedo a Cristina Kirchner ni a Juan Grabois&#8221;"},"content":{"rendered":"\n<p>A pesar de la lluvia, productores se manifestaron frente a la estancia Casa Nueva, eje de una disputa en la familia del ex funcionario de Cambiemos. \u201cEstamos durmiendo aqu\u00ed todas la noches, si nos quieren venir a buscar, que vengan\u201d, agreg\u00f3 el dirigente rural<\/p>\n\n\n\n<p>Productores de la provincia de Entre R\u00edos se movilizaron hoy al ingreso de la estancia Casa Nueva,&nbsp;ubicado sobre la Ruta Provincial N\u00b048, a un kil\u00f3metro y medio del ingreso a la ciudad de Santa Elena, departamento La Paz.<\/p>\n\n\n\n<p>La intensa lluvia del domingo entrerriano no impidi\u00f3 que los manifestantes lleguen a la propiedad de la familia Etchevehere, centro del conflicto familiar que escal\u00f3 en tensi\u00f3n tras la decisi\u00f3n de Dolores Etchevehere de ingresar al predio junto con militantes del Proyecto Artigas al cual don\u00f3 40 hect\u00e1reas de la propiedad para un desarrollo agroecol\u00f3gico.<\/p>\n\n\n\n<p>All\u00ed, desde una tarima improvisada y ante una importante cantidad de asistentes,&nbsp;los tres hermanos Etchevehere -el ex ministro Luis Miguel, Juan Diego y Arturo Sebasti\u00e1n- estuvieron junto a su madre Leonor Barbero Marcial&nbsp;manifest\u00e1ndose en contra de la decisi\u00f3n del juez subrogante de La Paz Ra\u00fal Flores y denunciando que el gobierno de Entre R\u00edos \u201cliber\u00f3 la zona\u201d.<\/p>\n\n\n\n<p>El ex ministro de Agricultura de la Naci\u00f3n agradeci\u00f3 a las adhesiones de los distintos puntos del pa\u00eds. \u201cEsto no es un tema de la familia, esto es lisa y llanamente un delito cometido por delincuentes\u201d, fustig\u00f3 Luis Miguel Etchevehere.<\/p>\n\n\n\n<figure class=\"wp-block-image is-resized\"><img loading=\"lazy\" decoding=\"async\" src=\"https:\/\/www.infobae.com\/new-resizer\/r8erUmYjagy6jlJyHZDtFGiBjlM=\/420x236\/filters:format(jpg):quality(85)\/\/cloudfront-us-east-1.images.arcpublishing.com\/infobae\/ZFOJSLWK4VBIBGIYH3K2OIB7EM.jpeg\" alt=\"La manifestaci\u00f3n se realiz\u00f3 a pesar de la lluvia\" width=\"1060\" height=\"628\"\/><figcaption>La manifestaci\u00f3n se realiz\u00f3 a pesar de la lluvia<\/figcaption><\/figure>\n\n\n\n<p>\u201cNo est\u00e1 asumiendo la responsabilidad el gobierno provincial, no hemos visto a un s\u00f3lo funcionario provincial que se haya acerc\u00e1ndose a saber que es lo que pasa. No est\u00e1 asumiendo la responsabilidad el gobierno nacional, que no ha repudiado lo que est\u00e1 ocurriendo\u201d, expres\u00f3 el ex funcionario del gobierno de Cambiemos.<\/p>\n\n\n\n<p>Luego, elev\u00f3 el tono del discurso y asegur\u00f3 que defender\u00e1n la propiedad privada: \u201cVamos a estar en la puerta de este campo hasta el d\u00eda que la justicia saque a los ocupantes ilegales. Si tardan una semana, ser\u00e1 una semana. Si tardan un mes, ser\u00e1 un mes. Y si estamos hasta el fin del mundo ac\u00e1 vamos a estar defendiendo la propiedad privada\u201d.<\/p>\n\n\n\n<p>\u201cNo le tenemos miedo al Estado, no le tenemos miedo a Grabois, no le tenemos miendo a Cristina Kirchner. Porque tarde o temprano al verdad triunfa y estamos del lado de la verdad\u201d, agreg\u00f3. En esa linea, critic\u00f3 el clientelismo y dijo: \u201cNo podemos seguir financiando delincuentes\u201d. \u201cSabemos de que manera esta hecha la gente que vive del trabajo y no los 100 vagos que est\u00e1n viviendo en nuestra casa \u00bfQui\u00e9n mantiene a estos tipos? Viven de los impuestos de todos nosotros\u201d, agreg\u00f3.<\/p>\n\n\n\n<p>Al acto acudieron productores de los distintos departamentos de la provincia de Entre R\u00edos. \u201cSomos un mont\u00f3n de productores de la provincia que coincidimos en poder manifestarnos frente a esta situaci\u00f3n que estamos viviendo. Nos motiva es el pa\u00eds que queremos de aqu\u00ed en adelante, vemos con mucha preocupaci\u00f3n que se est\u00e1n llevando puesto los derechos a la propiedad privada, a la libertad de expresi\u00f3n, a intervenir en la Justicia y que puedan trabajar de manera independiente\u201d, expres\u00f3 a&nbsp;Infobae&nbsp;Mariela Gallinger, titular de Federaci\u00f3n Agraria Crespo.<\/p>\n","protected":false},"excerpt":{"rendered":"<p>A pesar de la lluvia, productores se manifestaron frente a la estancia Casa Nueva, eje de una disputa en la familia del ex funcionario de Cambiemos. \u201cEstamos durmiendo aqu\u00ed todas la noches, si nos quieren venir a buscar, que vengan\u201d, agreg\u00f3 el dirigente rural Productores de la provincia de Entre R\u00edos se movilizaron hoy al [&hellip;]<\/p>\n","protected":false},"author":2,"featured_media":9375,"comment_status":"open","ping_status":"open","sticky":false,"template":"","format":"standard","meta":{"tdm_status":"","tdm_grid_status":"","_joinchat":[],"footnotes":""},"categories":[73],"tags":[],"class_list":{"0":"post-9374","1":"post","2":"type-post","3":"status-publish","4":"format-standard","5":"has-post-thumbnail","7":"category-noticias-general"},"amp_enabled":true,"_links":{"self":[{"href":"https:\/\/www.todoeldia.com\/index.php\/wp-json\/wp\/v2\/posts\/9374","targetHints":{"allow":["GET"]}}],"collection":[{"href":"https:\/\/www.todoeldia.com\/index.php\/wp-json\/wp\/v2\/posts"}],"about":[{"href":"https:\/\/www.todoeldia.com\/index.php\/wp-json\/wp\/v2\/types\/post"}],"author":[{"embeddable":true,"href":"https:\/\/www.todoeldia.com\/index.php\/wp-json\/wp\/v2\/users\/2"}],"replies":[{"embeddable":true,"href":"https:\/\/www.todoeldia.com\/index.php\/wp-json\/wp\/v2\/comments?post=9374"}],"version-history":[{"count":1,"href":"https:\/\/www.todoeldia.com\/index.php\/wp-json\/wp\/v2\/posts\/9374\/revisions"}],"predecessor-version":[{"id":9376,"href":"https:\/\/www.todoeldia.com\/index.php\/wp-json\/wp\/v2\/posts\/9374\/revisions\/9376"}],"wp:featuredmedia":[{"embeddable":true,"href":"https:\/\/www.todoeldia.com\/index.php\/wp-json\/wp\/v2\/media\/9375"}],"wp:attachment":[{"href":"https:\/\/www.todoeldia.com\/index.php\/wp-json\/wp\/v2\/media?parent=9374"}],"wp:term":[{"taxonomy":"category","embeddable":true,"href":"https:\/\/www.todoeldia.com\/index.php\/wp-json\/wp\/v2\/categories?post=9374"},{"taxonomy":"post_tag","embeddable":true,"href":"https:\/\/www.todoeldia.com\/index.php\/wp-json\/wp\/v2\/tags?post=9374"}],"curies":[{"name":"wp","href":"https:\/\/api.w.org\/{rel}","templated":true}]}}