{"id":9404,"date":"2020-10-25T21:14:35","date_gmt":"2020-10-26T00:14:35","guid":{"rendered":"https:\/\/www.todoeldia.com\/?p=9404"},"modified":"2020-10-25T21:14:36","modified_gmt":"2020-10-26T00:14:36","slug":"tucuman-registro-764-nuevos-casos-de-covid-y-19-muertes-en-las-ultimas-24-horas","status":"publish","type":"post","link":"https:\/\/www.todoeldia.com\/index.php\/2020\/10\/25\/tucuman-registro-764-nuevos-casos-de-covid-y-19-muertes-en-las-ultimas-24-horas\/","title":{"rendered":"Tucum\u00e1n registr\u00f3 764 nuevos casos de Covid y 19 muertes en las \u00faltimas 24 horas"},"content":{"rendered":"\n<p>Son 45.350 los infectados en la provincia desde que comenz\u00f3 la pandemia.<\/p>\n\n\n\n<p>Un total de 19 muertes por coronavirus fueron confirmadas por el Ministerio de Salud de la Provincia en las \u00faltimas 24 horas y Tucum\u00e1n lleg\u00f3 a los 743 fallecimientos registrados desde que comenz\u00f3 la pandemia.<\/p>\n\n\n\n<p>Tucum\u00e1n sum\u00f3 764 nuevos contagios de covid-19 en las \u00faltimas 24 horas y lleg\u00f3 a los 45.350 casos de coronavirus confirmados, inform\u00f3 el Ministerio de Salud de la Provincia.<\/p>\n\n\n\n<p>En el reporte diario difundido este mediod\u00eda se dieron a conocer 727 positivos para coronavirus: &nbsp;Capital (389), Cruz Alta (95), Taf\u00ed Viejo (48), Yerba Buena (44), Lules (29), Chicligasta (28), R\u00edo Chico (26), Leales (19) , Monteros (12), Simoca (10), Taf\u00ed del Valle (8), Alberdi (6), Famaill\u00e1 (4), Trancas (3), Graneros (3), &nbsp;Burruyac\u00fa (2) y La Cocha (1).<\/p>\n\n\n\n<p>En el reporte de esta tarde se sumaron 37 pacientes m\u00e1s. Veinticinco de Capital, cuatro de Taf\u00ed Viejo, cuatro de Yerba Buena, dos de Cruz Alta, uno de Burruyacu y otro de Lules.<\/p>\n\n\n\n<p>Tucum\u00e1n sum\u00f3 45.350 contagios de coronavirus, de los cuales 28.987 se recuperaron, 743 fallecieron y el resto siguen como casos activos.<\/p>\n","protected":false},"excerpt":{"rendered":"<p>Son 45.350 los infectados en la provincia desde que comenz\u00f3 la pandemia. Un total de 19 muertes por coronavirus fueron confirmadas por el Ministerio de Salud de la Provincia en las \u00faltimas 24 horas y Tucum\u00e1n lleg\u00f3 a los 743 fallecimientos registrados desde que comenz\u00f3 la pandemia. Tucum\u00e1n sum\u00f3 764 nuevos contagios de covid-19 en [&hellip;]<\/p>\n","protected":false},"author":2,"featured_media":9405,"comment_status":"open","ping_status":"open","sticky":false,"template":"","format":"standard","meta":{"tdm_status":"","tdm_grid_status":"","_joinchat":[],"footnotes":""},"categories":[65],"tags":[],"class_list":{"0":"post-9404","1":"post","2":"type-post","3":"status-publish","4":"format-standard","5":"has-post-thumbnail","7":"category-coronavirus"},"amp_enabled":true,"_links":{"self":[{"href":"https:\/\/www.todoeldia.com\/index.php\/wp-json\/wp\/v2\/posts\/9404","targetHints":{"allow":["GET"]}}],"collection":[{"href":"https:\/\/www.todoeldia.com\/index.php\/wp-json\/wp\/v2\/posts"}],"about":[{"href":"https:\/\/www.todoeldia.com\/index.php\/wp-json\/wp\/v2\/types\/post"}],"author":[{"embeddable":true,"href":"https:\/\/www.todoeldia.com\/index.php\/wp-json\/wp\/v2\/users\/2"}],"replies":[{"embeddable":true,"href":"https:\/\/www.todoeldia.com\/index.php\/wp-json\/wp\/v2\/comments?post=9404"}],"version-history":[{"count":1,"href":"https:\/\/www.todoeldia.com\/index.php\/wp-json\/wp\/v2\/posts\/9404\/revisions"}],"predecessor-version":[{"id":9406,"href":"https:\/\/www.todoeldia.com\/index.php\/wp-json\/wp\/v2\/posts\/9404\/revisions\/9406"}],"wp:featuredmedia":[{"embeddable":true,"href":"https:\/\/www.todoeldia.com\/index.php\/wp-json\/wp\/v2\/media\/9405"}],"wp:attachment":[{"href":"https:\/\/www.todoeldia.com\/index.php\/wp-json\/wp\/v2\/media?parent=9404"}],"wp:term":[{"taxonomy":"category","embeddable":true,"href":"https:\/\/www.todoeldia.com\/index.php\/wp-json\/wp\/v2\/categories?post=9404"},{"taxonomy":"post_tag","embeddable":true,"href":"https:\/\/www.todoeldia.com\/index.php\/wp-json\/wp\/v2\/tags?post=9404"}],"curies":[{"name":"wp","href":"https:\/\/api.w.org\/{rel}","templated":true}]}}