{"id":94143,"date":"2025-04-18T19:14:40","date_gmt":"2025-04-18T22:14:40","guid":{"rendered":"https:\/\/www.todoeldia.com\/?p=94143"},"modified":"2025-04-18T19:14:40","modified_gmt":"2025-04-18T22:14:40","slug":"dos-presos-burlaron-a-los-guardias-y-se-escaparon-de-la-carcel-de-oran","status":"publish","type":"post","link":"https:\/\/www.todoeldia.com\/index.php\/2025\/04\/18\/dos-presos-burlaron-a-los-guardias-y-se-escaparon-de-la-carcel-de-oran\/","title":{"rendered":"Dos presos burlaron a los guardias y se escaparon de la c\u00e1rcel de Or\u00e1n"},"content":{"rendered":"\n<p>Este viernes en horas de la ma\u00f1ana dos personas detenidas en la Alcald\u00eda Penal de Or\u00e1n se dieron a la fuga y son intensamente buscadas.<\/p>\n\n\n\n<p>Carlos Figueroa de 31 y Juan Ortu\u00f1o de 42 a\u00f1os, estaban alojados en la unidad penitenciaria ubicada en la calle Uriburu de la ciudad norte\u00f1a.<\/p>\n\n\n\n<p>Los internos, del pabell\u00f3n B planta baja, aprovecharon el momento que se desarrollaban actividades recreativas para poder escapar.<\/p>\n\n\n\n<p>Seg\u00fan se inform\u00f3 a NORTE YA, el celador de turno hac\u00eda ingresar a los detenidos al pabell\u00f3n y al realizar el conteo de los mismos, se dio con la novedad el faltante de dos reos.<\/p>\n\n\n\n<p>Seg\u00fan se menciona, habr\u00edan escalado la pared trasera del patio para saltar a un bald\u00edo colindante, un punto ciego para el personal de custodia.<\/p>\n","protected":false},"excerpt":{"rendered":"<p>Este viernes en horas de la ma\u00f1ana dos personas detenidas en la Alcald\u00eda Penal de Or\u00e1n se dieron a la fuga y son intensamente buscadas. Carlos Figueroa de 31 y Juan Ortu\u00f1o de 42 a\u00f1os, estaban alojados en la unidad penitenciaria ubicada en la calle Uriburu de la ciudad norte\u00f1a. Los internos, del pabell\u00f3n B [&hellip;]<\/p>\n","protected":false},"author":2,"featured_media":94144,"comment_status":"open","ping_status":"open","sticky":false,"template":"","format":"standard","meta":{"tdm_status":"","tdm_grid_status":"","_joinchat":[],"footnotes":""},"categories":[63],"tags":[],"class_list":{"0":"post-94143","1":"post","2":"type-post","3":"status-publish","4":"format-standard","5":"has-post-thumbnail","7":"category-policiales"},"amp_enabled":true,"_links":{"self":[{"href":"https:\/\/www.todoeldia.com\/index.php\/wp-json\/wp\/v2\/posts\/94143","targetHints":{"allow":["GET"]}}],"collection":[{"href":"https:\/\/www.todoeldia.com\/index.php\/wp-json\/wp\/v2\/posts"}],"about":[{"href":"https:\/\/www.todoeldia.com\/index.php\/wp-json\/wp\/v2\/types\/post"}],"author":[{"embeddable":true,"href":"https:\/\/www.todoeldia.com\/index.php\/wp-json\/wp\/v2\/users\/2"}],"replies":[{"embeddable":true,"href":"https:\/\/www.todoeldia.com\/index.php\/wp-json\/wp\/v2\/comments?post=94143"}],"version-history":[{"count":1,"href":"https:\/\/www.todoeldia.com\/index.php\/wp-json\/wp\/v2\/posts\/94143\/revisions"}],"predecessor-version":[{"id":94145,"href":"https:\/\/www.todoeldia.com\/index.php\/wp-json\/wp\/v2\/posts\/94143\/revisions\/94145"}],"wp:featuredmedia":[{"embeddable":true,"href":"https:\/\/www.todoeldia.com\/index.php\/wp-json\/wp\/v2\/media\/94144"}],"wp:attachment":[{"href":"https:\/\/www.todoeldia.com\/index.php\/wp-json\/wp\/v2\/media?parent=94143"}],"wp:term":[{"taxonomy":"category","embeddable":true,"href":"https:\/\/www.todoeldia.com\/index.php\/wp-json\/wp\/v2\/categories?post=94143"},{"taxonomy":"post_tag","embeddable":true,"href":"https:\/\/www.todoeldia.com\/index.php\/wp-json\/wp\/v2\/tags?post=94143"}],"curies":[{"name":"wp","href":"https:\/\/api.w.org\/{rel}","templated":true}]}}