{"id":94165,"date":"2025-04-20T11:34:36","date_gmt":"2025-04-20T14:34:36","guid":{"rendered":"https:\/\/www.todoeldia.com\/?p=94165"},"modified":"2025-04-20T11:34:37","modified_gmt":"2025-04-20T14:34:37","slug":"recapturaron-a-uno-de-los-presos-fugados-de-la-carcel-de-oran","status":"publish","type":"post","link":"https:\/\/www.todoeldia.com\/index.php\/2025\/04\/20\/recapturaron-a-uno-de-los-presos-fugados-de-la-carcel-de-oran\/","title":{"rendered":"Recapturaron a uno de los presos fugados de la c\u00e1rcel de Or\u00e1n"},"content":{"rendered":"\n<p>Ayer en el marco de un operativo, se logr\u00f3 recapturar a Juan Ortu\u00f1o, de 42 a\u00f1os, quien era buscado tras fugarse desde la Alcaid\u00eda 3 de Or\u00e1n, junto a otro detenido.<\/p>\n\n\n\n<p>Tras ser aprehendido, el Juez de Garant\u00edas interviniente, puso a Ortu\u00f1o a disposici\u00f3n de la Vocal\u00eda 1 de la Sala II del Tribunal de Juicio de ese distrito, a cargo del juez Ra\u00fal Fernando L\u00f3pez, donde tramita la causa por la que se encontraba privado de su libertad.<\/p>\n\n\n\n<p>Mientras tanto contin\u00faa la b\u00fasqueda para ubicar al otro fugado, Carlos Figueroa de 31 a\u00f1os.<\/p>\n\n\n\n<p>Tambi\u00e9n hab\u00eda sido detenido el conductor de un veh\u00edculo que colabor\u00f3 con la fuga de los presos una vez que hab\u00edan saltado el cerco perimetral del establecimiento carcelario.<\/p>\n","protected":false},"excerpt":{"rendered":"<p>Ayer en el marco de un operativo, se logr\u00f3 recapturar a Juan Ortu\u00f1o, de 42 a\u00f1os, quien era buscado tras fugarse desde la Alcaid\u00eda 3 de Or\u00e1n, junto a otro detenido. Tras ser aprehendido, el Juez de Garant\u00edas interviniente, puso a Ortu\u00f1o a disposici\u00f3n de la Vocal\u00eda 1 de la Sala II del Tribunal de [&hellip;]<\/p>\n","protected":false},"author":2,"featured_media":94166,"comment_status":"open","ping_status":"open","sticky":false,"template":"","format":"standard","meta":{"tdm_status":"","tdm_grid_status":"","_joinchat":[],"footnotes":""},"categories":[63],"tags":[],"class_list":{"0":"post-94165","1":"post","2":"type-post","3":"status-publish","4":"format-standard","5":"has-post-thumbnail","7":"category-policiales"},"amp_enabled":true,"_links":{"self":[{"href":"https:\/\/www.todoeldia.com\/index.php\/wp-json\/wp\/v2\/posts\/94165","targetHints":{"allow":["GET"]}}],"collection":[{"href":"https:\/\/www.todoeldia.com\/index.php\/wp-json\/wp\/v2\/posts"}],"about":[{"href":"https:\/\/www.todoeldia.com\/index.php\/wp-json\/wp\/v2\/types\/post"}],"author":[{"embeddable":true,"href":"https:\/\/www.todoeldia.com\/index.php\/wp-json\/wp\/v2\/users\/2"}],"replies":[{"embeddable":true,"href":"https:\/\/www.todoeldia.com\/index.php\/wp-json\/wp\/v2\/comments?post=94165"}],"version-history":[{"count":1,"href":"https:\/\/www.todoeldia.com\/index.php\/wp-json\/wp\/v2\/posts\/94165\/revisions"}],"predecessor-version":[{"id":94167,"href":"https:\/\/www.todoeldia.com\/index.php\/wp-json\/wp\/v2\/posts\/94165\/revisions\/94167"}],"wp:featuredmedia":[{"embeddable":true,"href":"https:\/\/www.todoeldia.com\/index.php\/wp-json\/wp\/v2\/media\/94166"}],"wp:attachment":[{"href":"https:\/\/www.todoeldia.com\/index.php\/wp-json\/wp\/v2\/media?parent=94165"}],"wp:term":[{"taxonomy":"category","embeddable":true,"href":"https:\/\/www.todoeldia.com\/index.php\/wp-json\/wp\/v2\/categories?post=94165"},{"taxonomy":"post_tag","embeddable":true,"href":"https:\/\/www.todoeldia.com\/index.php\/wp-json\/wp\/v2\/tags?post=94165"}],"curies":[{"name":"wp","href":"https:\/\/api.w.org\/{rel}","templated":true}]}}