{"id":94476,"date":"2025-04-28T15:26:45","date_gmt":"2025-04-28T18:26:45","guid":{"rendered":"https:\/\/www.todoeldia.com\/?p=94476"},"modified":"2025-04-28T15:26:46","modified_gmt":"2025-04-28T18:26:46","slug":"imputan-al-narco-detenido-en-j-v-gonzalez-por-transportar-194-kilos-de-cocaina-en-el-auto","status":"publish","type":"post","link":"https:\/\/www.todoeldia.com\/index.php\/2025\/04\/28\/imputan-al-narco-detenido-en-j-v-gonzalez-por-transportar-194-kilos-de-cocaina-en-el-auto\/","title":{"rendered":"Imputan al narco detenido en J.V. Gonz\u00e1lez por transportar 194 kilos de coca\u00edna en el auto"},"content":{"rendered":"\n<p>Un fuerte olor a pegamento en el ba\u00fal, la ausencia de dos asientos traseros y una condena previa por un delito de contrabando del conductor, llevaron a una patrulla de gendarmes a pedir autorizaci\u00f3n para una requisa en la que se descubri\u00f3 la droga oculta en varios compartimentos fabricados en el piso del rodado. El procedimiento se suma a otros dos registrados d\u00edas previos, por cantidades de 50 y 26 kilos de la misma sustancia.<\/p>\n\n\n\n<figure class=\"wp-block-image size-full is-resized\"><img loading=\"lazy\" decoding=\"async\" width=\"921\" height=\"614\" src=\"https:\/\/www.todoeldia.com\/wp-content\/uploads\/2025\/04\/image-119.png\" alt=\"\" class=\"wp-image-94478\" style=\"width:1055px;height:auto\" srcset=\"https:\/\/www.todoeldia.com\/wp-content\/uploads\/2025\/04\/image-119.png 921w, https:\/\/www.todoeldia.com\/wp-content\/uploads\/2025\/04\/image-119-300x200.png 300w, https:\/\/www.todoeldia.com\/wp-content\/uploads\/2025\/04\/image-119-768x512.png 768w, https:\/\/www.todoeldia.com\/wp-content\/uploads\/2025\/04\/image-119-630x420.png 630w, https:\/\/www.todoeldia.com\/wp-content\/uploads\/2025\/04\/image-119-696x464.png 696w\" sizes=\"auto, (max-width: 921px) 100vw, 921px\" \/><\/figure>\n\n\n\n<p>La jueza federal de Garant\u00edas N\u00b02 de Salta, Mariela Gim\u00e9nez, declar\u00f3 la legalidad de la detenci\u00f3n, formaliz\u00f3 la investigaci\u00f3n penal y dict\u00f3 la prisi\u00f3n preventiva para un conductor que hace una semana fue descubierto con m\u00e1s de 194 kilos de coca\u00edna ocultos en el piso de su autom\u00f3vil, en un control vehicular realizado en la localidad salte\u00f1a de Joaqu\u00edn V. Gonz\u00e1lez.<\/p>\n\n\n\n<p>Jorge Ram\u00f3n Bulacio, quien reside en la localidad de Aguaray, en el norte de la provincia, fue imputado por el delito de transporte de estupefacientes.<\/p>\n\n\n\n<figure class=\"wp-block-image size-full is-resized\"><img loading=\"lazy\" decoding=\"async\" width=\"921\" height=\"614\" src=\"https:\/\/www.todoeldia.com\/wp-content\/uploads\/2025\/04\/image-120.png\" alt=\"\" class=\"wp-image-94479\" style=\"width:1054px;height:auto\" srcset=\"https:\/\/www.todoeldia.com\/wp-content\/uploads\/2025\/04\/image-120.png 921w, https:\/\/www.todoeldia.com\/wp-content\/uploads\/2025\/04\/image-120-300x200.png 300w, https:\/\/www.todoeldia.com\/wp-content\/uploads\/2025\/04\/image-120-768x512.png 768w, https:\/\/www.todoeldia.com\/wp-content\/uploads\/2025\/04\/image-120-630x420.png 630w, https:\/\/www.todoeldia.com\/wp-content\/uploads\/2025\/04\/image-120-696x464.png 696w\" sizes=\"auto, (max-width: 921px) 100vw, 921px\" \/><\/figure>\n\n\n\n<p>La imputaci\u00f3n surgi\u00f3 de un procedimiento realizado el 21 de abril pasado, alrededor de las 10.30, en la ruta provincial 30, a la altura de la localidad de Joaqu\u00edn V. Gonz\u00e1lez, donde personal de Gendarmer\u00eda Nacional hab\u00eda instalado un puesto de control vehicular, con la se\u00f1alizaci\u00f3n correspondiente.<\/p>\n\n\n\n<p>Indic\u00f3 que Bulacio lleg\u00f3 al mando de un autom\u00f3vil Citro\u00ebn C4 Picasso, sin acompa\u00f1antes. Los gendarmes no advirtieron inconvenientes con el control de la documentaci\u00f3n del rodado, pero s\u00ed les llam\u00f3 la atenci\u00f3n que faltaban dos de los asientos traseros de este modelo que admite siete pasajeros.<\/p>\n\n\n\n<p>A ello, se sum\u00f3 el hecho de que, al pedir datos de los antecedentes penales del chofer, surgi\u00f3 que registraba una condena por un delito de contrabando, lo que llev\u00f3 a los uniformados a ser m\u00e1s minuciosos en la requisa del auto.<\/p>\n\n\n\n<figure class=\"wp-block-image size-full is-resized\"><img loading=\"lazy\" decoding=\"async\" width=\"921\" height=\"614\" src=\"https:\/\/www.todoeldia.com\/wp-content\/uploads\/2025\/04\/image-121.png\" alt=\"\" class=\"wp-image-94480\" style=\"width:1055px;height:auto\" srcset=\"https:\/\/www.todoeldia.com\/wp-content\/uploads\/2025\/04\/image-121.png 921w, https:\/\/www.todoeldia.com\/wp-content\/uploads\/2025\/04\/image-121-300x200.png 300w, https:\/\/www.todoeldia.com\/wp-content\/uploads\/2025\/04\/image-121-768x512.png 768w, https:\/\/www.todoeldia.com\/wp-content\/uploads\/2025\/04\/image-121-630x420.png 630w, https:\/\/www.todoeldia.com\/wp-content\/uploads\/2025\/04\/image-121-696x464.png 696w\" sizes=\"auto, (max-width: 921px) 100vw, 921px\" \/><\/figure>\n\n\n\n<p>Al pedirle al conductor que abra el sector del ba\u00fal para verificar si ten\u00eda la rueda de auxilio, entre otros elementos de prevenci\u00f3n, es que los gendarmes percibieron un fuerte olor a pegamento y que en el lugar en el que deb\u00edan ir los dos asientos extras del rodado, hab\u00eda una alfombra pegada al piso.<\/p>\n\n\n\n<p>Al advertir esta y otras anomal\u00edas en el piso, los gendarmes comunicaron la situaci\u00f3n a la fiscal\u00eda, que dispuso el traslado del rodado a la base de Joaqu\u00edn V. Gonz\u00e1lez para una requisa m\u00e1s profunda y con la presencia de un testigo.<\/p>\n\n\n\n<p>Como resultado de ello, y tras abrir un tramo del z\u00f3calo en la parte trasera del rodado, quedaron al descubierto varios compartimentos en cuyo interior hab\u00eda paquetes de droga. En total se extrajeron 186, equivalente a un peso total de 194 kilos con 511 gramos de coca\u00edna, lo que motiv\u00f3 la detenci\u00f3n de Bulacio.<\/p>\n","protected":false},"excerpt":{"rendered":"<p>Un fuerte olor a pegamento en el ba\u00fal, la ausencia de dos asientos traseros y una condena previa por un delito de contrabando del conductor, llevaron a una patrulla de gendarmes a pedir autorizaci\u00f3n para una requisa en la que se descubri\u00f3 la droga oculta en varios compartimentos fabricados en el piso del rodado. El [&hellip;]<\/p>\n","protected":false},"author":2,"featured_media":94477,"comment_status":"open","ping_status":"open","sticky":false,"template":"","format":"standard","meta":{"tdm_status":"","tdm_grid_status":"","_joinchat":[],"footnotes":""},"categories":[63],"tags":[],"class_list":{"0":"post-94476","1":"post","2":"type-post","3":"status-publish","4":"format-standard","5":"has-post-thumbnail","7":"category-policiales"},"amp_enabled":true,"_links":{"self":[{"href":"https:\/\/www.todoeldia.com\/index.php\/wp-json\/wp\/v2\/posts\/94476","targetHints":{"allow":["GET"]}}],"collection":[{"href":"https:\/\/www.todoeldia.com\/index.php\/wp-json\/wp\/v2\/posts"}],"about":[{"href":"https:\/\/www.todoeldia.com\/index.php\/wp-json\/wp\/v2\/types\/post"}],"author":[{"embeddable":true,"href":"https:\/\/www.todoeldia.com\/index.php\/wp-json\/wp\/v2\/users\/2"}],"replies":[{"embeddable":true,"href":"https:\/\/www.todoeldia.com\/index.php\/wp-json\/wp\/v2\/comments?post=94476"}],"version-history":[{"count":1,"href":"https:\/\/www.todoeldia.com\/index.php\/wp-json\/wp\/v2\/posts\/94476\/revisions"}],"predecessor-version":[{"id":94481,"href":"https:\/\/www.todoeldia.com\/index.php\/wp-json\/wp\/v2\/posts\/94476\/revisions\/94481"}],"wp:featuredmedia":[{"embeddable":true,"href":"https:\/\/www.todoeldia.com\/index.php\/wp-json\/wp\/v2\/media\/94477"}],"wp:attachment":[{"href":"https:\/\/www.todoeldia.com\/index.php\/wp-json\/wp\/v2\/media?parent=94476"}],"wp:term":[{"taxonomy":"category","embeddable":true,"href":"https:\/\/www.todoeldia.com\/index.php\/wp-json\/wp\/v2\/categories?post=94476"},{"taxonomy":"post_tag","embeddable":true,"href":"https:\/\/www.todoeldia.com\/index.php\/wp-json\/wp\/v2\/tags?post=94476"}],"curies":[{"name":"wp","href":"https:\/\/api.w.org\/{rel}","templated":true}]}}