{"id":94486,"date":"2025-04-28T15:43:05","date_gmt":"2025-04-28T18:43:05","guid":{"rendered":"https:\/\/www.todoeldia.com\/?p=94486"},"modified":"2025-04-28T15:43:06","modified_gmt":"2025-04-28T18:43:06","slug":"10-imputados-en-oran-por-integrar-una-banda-que-transporto-mas-de-320-kilos-de-cocaina","status":"publish","type":"post","link":"https:\/\/www.todoeldia.com\/index.php\/2025\/04\/28\/10-imputados-en-oran-por-integrar-una-banda-que-transporto-mas-de-320-kilos-de-cocaina\/","title":{"rendered":"10 imputados en Or\u00e1n por integrar una banda que transport\u00f3 m\u00e1s de 320 kilos de coca\u00edna"},"content":{"rendered":"\n<p>Con diez imputados, el secuestro de dos camiones y cuatro camionetas de alta gama, la fiscal\u00eda desarticul\u00f3 una organizaci\u00f3n a la que entre enero y abril pasado se le atribuye haber dirigido y ejecutado tres operaciones de tr\u00e1fico de coca\u00edna, por un peso total de 323 kilos. Entre los implicados, est\u00e1 el presunto jefe de la banda. C\u00f3rdoba, Santa Fe y Misiones, entre los posibles destinos de la droga.<\/p>\n\n\n\n<p>El primero de los casos ocurri\u00f3 el 28 de enero pasado tras un procedimiento realizado por personal del Escuadr\u00f3n 20 Or\u00e1n, de Gendarmer\u00eda Nacional, en la ruta provincial 5, en el paraje Esteban Urizar, entre las localidades de Pichanal y La Estrella.<\/p>\n\n\n\n<p>En dicha ruta, vieron aparecer a lo lejos dos camionetas que circulaban de norte a sur.<\/p>\n\n\n\n<p>El primer rodado, marca Ford Ranger, aceler\u00f3 y embisti\u00f3 el control implantado y se dio a la fuga, en tanto que la otra camioneta, una Volkswagen Amarok, gir\u00f3 en \u201cU\u201d y escap\u00f3 en el sentido contrario al que se dirig\u00eda.<\/p>\n\n\n\n<figure class=\"wp-block-image size-full is-resized\"><img loading=\"lazy\" decoding=\"async\" width=\"921\" height=\"614\" src=\"https:\/\/www.todoeldia.com\/wp-content\/uploads\/2025\/04\/image-123.png\" alt=\"\" class=\"wp-image-94488\" style=\"width:1055px;height:auto\" srcset=\"https:\/\/www.todoeldia.com\/wp-content\/uploads\/2025\/04\/image-123.png 921w, https:\/\/www.todoeldia.com\/wp-content\/uploads\/2025\/04\/image-123-300x200.png 300w, https:\/\/www.todoeldia.com\/wp-content\/uploads\/2025\/04\/image-123-768x512.png 768w, https:\/\/www.todoeldia.com\/wp-content\/uploads\/2025\/04\/image-123-630x420.png 630w, https:\/\/www.todoeldia.com\/wp-content\/uploads\/2025\/04\/image-123-696x464.png 696w\" sizes=\"auto, (max-width: 921px) 100vw, 921px\" \/><\/figure>\n\n\n\n<p><strong>La camioneta abandonada donde se hallaron 198 kilos de coca\u00edna. Foto: Gendarmer\u00eda Nacional<\/strong><\/p>\n\n\n\n<p>Los gendarmes iniciaron una persecuci\u00f3n y la camioneta Amarok fue hallada abandonada y atascada en una alcantarilla, sobre un camino alternativo a la ruta 5. En el interior del rodado, se encontraron cinco bultos, dos en el asiento trasero y tres en la caja, que resultaron contener un total de 198 kilos coca\u00edna. Tambi\u00e9n se hall\u00f3 documentaci\u00f3n que vinculaba con la camioneta al primer imputado del caso, H\u00e9ctor Novotka.<\/p>\n\n\n\n<p>Novotka fue detenido dos d\u00edas despu\u00e9s, al presentarse en una dependencia policial de la localidad de Urundel, donde denunci\u00f3 que hab\u00eda sido v\u00edctima de un secuestro y robo de su rodado, pero como el relato dado resultaba inveros\u00edmil, la fiscal\u00eda penal de esa jurisdicci\u00f3n advirti\u00f3 que podr\u00eda estar vinculado al hecho ocurrido en el paraje Urizar y le dio intervenci\u00f3n a la fiscal\u00eda federal.<\/p>\n\n\n\n<p>Las c\u00e1maras tambi\u00e9n permitieron establecer que el imputado lleg\u00f3 a Pichanal procedente de Met\u00e1n junto a la camioneta Ford Ranger que s\u00ed logr\u00f3 fugarse del control y que era propiedad de un segundo imputado, identificado como Sergio Javier Gir\u00f3n.<\/p>\n\n\n\n<p>Segundo hecho: 41 kilos de coca\u00edna en un cami\u00f3n<\/p>\n\n\n\n<p>En tanto, en marzo pasado la investigaci\u00f3n se vio reforzada a partir de una denuncia realizada por una persona de identidad reservada, que revel\u00f3 ante la Divisi\u00f3n Investigaciones Complejas contra la Narcocriminalidad de la Polic\u00eda de Salta, que Gir\u00f3n era el cabecilla de una organizaci\u00f3n que transportaba droga semanalmente desde el paraje Mart\u00ednez del Tineo, ubicado en Pichanal, hasta la provincia de C\u00f3rdoba.<\/p>\n\n\n\n<p>En ese marco, el 28 de marzo \u00faltimo, se localiz\u00f3 un cami\u00f3n con acoplado descripto en las denuncias. El rodado circulaba por la ruta provincial 5, en sentido norte-sur, a la altura de la Balanza de Vialidad, en la localidad de Las Lajitas, y lo hac\u00eda con rumbo al puesto de control ubicado en El Naranjo, en Rosario de la Frontera.<\/p>\n\n\n\n<p>El veh\u00edculo, marca Iveco, iba custodiado por dos camionetas Toyota. Durante el control del mismo, se descubri\u00f3 un \u201cdoble fondo\u201d en el piso del acoplado, en el que se hall\u00f3 una caja que conten\u00eda cuarenta paquetes rectangulares, cuyo contenido ascendi\u00f3 a un peso total de 41 kilos de coca\u00edna.<\/p>\n\n\n\n<p>Un cami\u00f3n con GPS y 84 kilos secuestrados en El Naranjo<\/p>\n\n\n\n<p>El \u00faltimo de los hechos adjudicados a esta organizaci\u00f3n se registr\u00f3 el 12 de abril pasado, cuando un cami\u00f3n Mercedes Benz que ya hab\u00eda sido identificado por los investigadores, fue sometido a control en el puesto fijo ubicado en El Naranjo.<\/p>\n\n\n\n<p>Seg\u00fan lo expuesto por la fiscal\u00eda al formalizar el caso, con autorizaci\u00f3n del juez Montoya al cami\u00f3n con acoplado se le hab\u00eda colocado un rastreador con GPS que revel\u00f3 que estuvo estacionado a una cuadra y media del domicilio de Gir\u00f3n, en la ciudad de Met\u00e1n.<\/p>\n\n\n\n<p>A partir de esta medida, se puso en marcha un operativo que deriv\u00f3 luego en la detenci\u00f3n del sindicado jefe de la banda, quien iba al mando del cami\u00f3n, siendo custodiado por una camioneta Toyota que hac\u00eda de \u201ccoche puntero\u201d.<\/p>\n\n\n\n<p>Ambos rodados siguieron viaje hasta el puesto de El Naranjo, por donde pas\u00f3 primero la camioneta, detenida m\u00e1s adelante en el puesto que posee la polic\u00eda provincial en la localidad de El Tala. Como conductor iba Cristi\u00e1n Fabi\u00e1n Castro y, en calidad de acompa\u00f1ante, lo hac\u00eda Julio C\u00e9sar Ocaranza.<\/p>\n\n\n\n<p>El cami\u00f3n, en tanto, fue requisado por personal de Gendarmer\u00eda, circunstancias en la que el can antinarc\u00f3ticos reaccion\u00f3 a la presencia de estupefacientes en el piso del acoplado. As\u00ed se descubri\u00f3 un doble fondo en el que hab\u00eda ocultos 81 paquetes de coca\u00edna, con un peso de 84 kilos, y Gir\u00f3n termin\u00f3 detenido.<\/p>\n","protected":false},"excerpt":{"rendered":"<p>Con diez imputados, el secuestro de dos camiones y cuatro camionetas de alta gama, la fiscal\u00eda desarticul\u00f3 una organizaci\u00f3n a la que entre enero y abril pasado se le atribuye haber dirigido y ejecutado tres operaciones de tr\u00e1fico de coca\u00edna, por un peso total de 323 kilos. Entre los implicados, est\u00e1 el presunto jefe de [&hellip;]<\/p>\n","protected":false},"author":2,"featured_media":94487,"comment_status":"open","ping_status":"open","sticky":false,"template":"","format":"standard","meta":{"tdm_status":"","tdm_grid_status":"","_joinchat":[],"footnotes":""},"categories":[63],"tags":[],"class_list":{"0":"post-94486","1":"post","2":"type-post","3":"status-publish","4":"format-standard","5":"has-post-thumbnail","7":"category-policiales"},"amp_enabled":true,"_links":{"self":[{"href":"https:\/\/www.todoeldia.com\/index.php\/wp-json\/wp\/v2\/posts\/94486","targetHints":{"allow":["GET"]}}],"collection":[{"href":"https:\/\/www.todoeldia.com\/index.php\/wp-json\/wp\/v2\/posts"}],"about":[{"href":"https:\/\/www.todoeldia.com\/index.php\/wp-json\/wp\/v2\/types\/post"}],"author":[{"embeddable":true,"href":"https:\/\/www.todoeldia.com\/index.php\/wp-json\/wp\/v2\/users\/2"}],"replies":[{"embeddable":true,"href":"https:\/\/www.todoeldia.com\/index.php\/wp-json\/wp\/v2\/comments?post=94486"}],"version-history":[{"count":1,"href":"https:\/\/www.todoeldia.com\/index.php\/wp-json\/wp\/v2\/posts\/94486\/revisions"}],"predecessor-version":[{"id":94489,"href":"https:\/\/www.todoeldia.com\/index.php\/wp-json\/wp\/v2\/posts\/94486\/revisions\/94489"}],"wp:featuredmedia":[{"embeddable":true,"href":"https:\/\/www.todoeldia.com\/index.php\/wp-json\/wp\/v2\/media\/94487"}],"wp:attachment":[{"href":"https:\/\/www.todoeldia.com\/index.php\/wp-json\/wp\/v2\/media?parent=94486"}],"wp:term":[{"taxonomy":"category","embeddable":true,"href":"https:\/\/www.todoeldia.com\/index.php\/wp-json\/wp\/v2\/categories?post=94486"},{"taxonomy":"post_tag","embeddable":true,"href":"https:\/\/www.todoeldia.com\/index.php\/wp-json\/wp\/v2\/tags?post=94486"}],"curies":[{"name":"wp","href":"https:\/\/api.w.org\/{rel}","templated":true}]}}