{"id":94499,"date":"2025-04-28T16:27:07","date_gmt":"2025-04-28T19:27:07","guid":{"rendered":"https:\/\/www.todoeldia.com\/?p=94499"},"modified":"2025-04-28T16:27:08","modified_gmt":"2025-04-28T19:27:08","slug":"cerraran-un-colegio-secundario-en-un-paraje-de-chicoana-que-nunca-fue-inaugurado","status":"publish","type":"post","link":"https:\/\/www.todoeldia.com\/index.php\/2025\/04\/28\/cerraran-un-colegio-secundario-en-un-paraje-de-chicoana-que-nunca-fue-inaugurado\/","title":{"rendered":"Cerrar\u00e1n un colegio secundario en un paraje de Chicoana que nunca fue inaugurado"},"content":{"rendered":"\n<p>Un colegio secundario en Agua Negra, Chicoana, cerrar\u00e1 sus puertas por falta de alumnos, dejando a estudiantes y padres con la incertidumbre sobre su futuro educativo.<\/p>\n\n\n\n<p>El anexo del colegio secundario N\u00b0 5010 Islas Malvinas, ubicado en Agua Negra, Chicoana, cerrar\u00e1 sus puertas este viernes, dejando a muchos estudiantes y padres con un gran descontento.<\/p>\n\n\n\n<figure class=\"wp-block-image size-full is-resized\"><img loading=\"lazy\" decoding=\"async\" width=\"600\" height=\"450\" src=\"https:\/\/www.todoeldia.com\/wp-content\/uploads\/2025\/04\/colegio-secundario-agua-negra-1.jpg\" alt=\"\" class=\"wp-image-94502\" style=\"width:1055px;height:auto\" srcset=\"https:\/\/www.todoeldia.com\/wp-content\/uploads\/2025\/04\/colegio-secundario-agua-negra-1.jpg 600w, https:\/\/www.todoeldia.com\/wp-content\/uploads\/2025\/04\/colegio-secundario-agua-negra-1-300x225.jpg 300w, https:\/\/www.todoeldia.com\/wp-content\/uploads\/2025\/04\/colegio-secundario-agua-negra-1-560x420.jpg 560w, https:\/\/www.todoeldia.com\/wp-content\/uploads\/2025\/04\/colegio-secundario-agua-negra-1-80x60.jpg 80w, https:\/\/www.todoeldia.com\/wp-content\/uploads\/2025\/04\/colegio-secundario-agua-negra-1-265x198.jpg 265w\" sizes=\"auto, (max-width: 600px) 100vw, 600px\" \/><\/figure>\n\n\n\n<p><strong>As\u00ed se encontraba el colegio antes de las reformas<\/strong><\/p>\n\n\n\n<p>En 2021, el Ministerio de Educaci\u00f3n hab\u00eda anunciado el inicio de obras integrales para este anexo, con un presupuesto oficial superior a los 37 millones de pesos.<\/p>\n\n\n\n<p>Sin embargo, a pesar de su reciente finalizaci\u00f3n en 2023 y su entrega en 2024, el colegio nunca fue inaugurado.<\/p>\n\n\n\n<p>Ivana Dom\u00ednguez, madre de alumnos de 4\u00b0 y 2\u00b0 grado, expres\u00f3 en el medio Valle de Lerma Hoy: &#8220;la verdad, no queremos que cierren un colegio de esta magnitud. Antes era mucho m\u00e1s m\u00e1s peque\u00f1o, apenas una casilla de madera, y nunca lo cerraron. Ahora que tenemos una gran infraestructura, quieren cerrarlo&#8221;. La instituci\u00f3n parece estar condenada al abandono y al saqueo, en lugar de ser un espacio de formaci\u00f3n para los j\u00f3venes.<\/p>\n\n\n\n<p>La baja matr\u00edcula es la raz\u00f3n principal para el cierre, seg\u00fan les informaron a los padres. Sin embargo, algunas de las preguntas que surgen en este contexto, son si se realiz\u00f3, un relevamiento previo antes de construir semejante infraestructura y si se evalu\u00f3 su viabilidad.<\/p>\n\n\n\n<p>Impacto en los estudiantes<\/p>\n\n\n\n<p>Los padres est\u00e1n preocupados por el impacto del desarraigo en los ni\u00f1os. &#8220;Mis hijos no quieren ir a Chicoana. No saben c\u00f3mo los van a recibir, si les har\u00e1n bullying por su forma de hablar, vestirse o por su crianza en los parajes. Aqu\u00ed tienen otro ritmo de vida&#8221;, cont\u00f3 una mam\u00e1.<\/p>\n\n\n\n<p>El municipio de Chicoana ofreci\u00f3 trasladar a los estudiantes en una Trafic hacia el colegio Islas Malvinas, en la cabecera municipal, pero esto implica que los chicos de San Mart\u00edn tendr\u00edan que salir de sus casas a las 6:40 para llegar a clases a las 8.<\/p>\n\n\n\n<p>El colegio cuenta con cuatro aulas equipadas, cocina, direcci\u00f3n, patio y ba\u00f1os, en condiciones muy superiores al anexo c\u00e9ntrico y a otras instituciones de Chicoana. Sin embargo, parece que esto no es suficiente para garantizar su continuidad.<\/p>\n\n\n\n<p>Diario Del Valle<\/p>\n","protected":false},"excerpt":{"rendered":"<p>Un colegio secundario en Agua Negra, Chicoana, cerrar\u00e1 sus puertas por falta de alumnos, dejando a estudiantes y padres con la incertidumbre sobre su futuro educativo. El anexo del colegio secundario N\u00b0 5010 Islas Malvinas, ubicado en Agua Negra, Chicoana, cerrar\u00e1 sus puertas este viernes, dejando a muchos estudiantes y padres con un gran descontento. [&hellip;]<\/p>\n","protected":false},"author":2,"featured_media":94501,"comment_status":"open","ping_status":"open","sticky":false,"template":"","format":"standard","meta":{"tdm_status":"","tdm_grid_status":"","_joinchat":[],"footnotes":""},"categories":[61],"tags":[],"class_list":{"0":"post-94499","1":"post","2":"type-post","3":"status-publish","4":"format-standard","5":"has-post-thumbnail","7":"category-educacion"},"amp_enabled":true,"_links":{"self":[{"href":"https:\/\/www.todoeldia.com\/index.php\/wp-json\/wp\/v2\/posts\/94499","targetHints":{"allow":["GET"]}}],"collection":[{"href":"https:\/\/www.todoeldia.com\/index.php\/wp-json\/wp\/v2\/posts"}],"about":[{"href":"https:\/\/www.todoeldia.com\/index.php\/wp-json\/wp\/v2\/types\/post"}],"author":[{"embeddable":true,"href":"https:\/\/www.todoeldia.com\/index.php\/wp-json\/wp\/v2\/users\/2"}],"replies":[{"embeddable":true,"href":"https:\/\/www.todoeldia.com\/index.php\/wp-json\/wp\/v2\/comments?post=94499"}],"version-history":[{"count":1,"href":"https:\/\/www.todoeldia.com\/index.php\/wp-json\/wp\/v2\/posts\/94499\/revisions"}],"predecessor-version":[{"id":94503,"href":"https:\/\/www.todoeldia.com\/index.php\/wp-json\/wp\/v2\/posts\/94499\/revisions\/94503"}],"wp:featuredmedia":[{"embeddable":true,"href":"https:\/\/www.todoeldia.com\/index.php\/wp-json\/wp\/v2\/media\/94501"}],"wp:attachment":[{"href":"https:\/\/www.todoeldia.com\/index.php\/wp-json\/wp\/v2\/media?parent=94499"}],"wp:term":[{"taxonomy":"category","embeddable":true,"href":"https:\/\/www.todoeldia.com\/index.php\/wp-json\/wp\/v2\/categories?post=94499"},{"taxonomy":"post_tag","embeddable":true,"href":"https:\/\/www.todoeldia.com\/index.php\/wp-json\/wp\/v2\/tags?post=94499"}],"curies":[{"name":"wp","href":"https:\/\/api.w.org\/{rel}","templated":true}]}}