{"id":94528,"date":"2025-04-28T22:40:13","date_gmt":"2025-04-29T01:40:13","guid":{"rendered":"https:\/\/www.todoeldia.com\/?p=94528"},"modified":"2025-04-28T22:40:14","modified_gmt":"2025-04-29T01:40:14","slug":"una-hora-y-media-de-espera-por-una-ambulancia-en-oran-el-samec-funciona-con-una-sola","status":"publish","type":"post","link":"https:\/\/www.todoeldia.com\/index.php\/2025\/04\/28\/una-hora-y-media-de-espera-por-una-ambulancia-en-oran-el-samec-funciona-con-una-sola\/","title":{"rendered":"Una hora y media de espera por una ambulancia en Or\u00e1n: El SAMEC funciona con una sola"},"content":{"rendered":"\n<p>Vecinos de la ciudad de Or\u00e1n, manifestaron a la producci\u00f3n de Metro Noticias su preocupaci\u00f3n ante la falta de ambulancias disponibles en el Servicio de Atenci\u00f3n M\u00e9dica de Emergencias y Cat\u00e1strofes (SAMEC).<\/p>\n\n\n\n<p>Seg\u00fan relataron, el pasado viernes, en calle Alvarado al 400, una persona sufri\u00f3 un ataque de epilepsia. De inmediato se solicit\u00f3 la presencia de una ambulancia, la cual demor\u00f3 una hora y media en llegar al lugar.<\/p>\n\n\n\n<p>Desde SAMEC Or\u00e1n informaron que actualmente disponen de dos ambulancias, aunque solo una se encuentra operativa.<\/p>\n\n\n\n<p>&#8220;Una de las ambulancias se encuentra en reparaci\u00f3n y al ser un veh\u00edculo viejo, es m\u00e1s dif\u00edcil conseguir los respuestos. Estamos a la espera que lleguen para que puedan terminar de repararla&#8221; afirm\u00f3 Mantovani jefe de Samec<\/p>\n\n\n\n<p>Adem\u00e1s agreg\u00f3 &#8220;cuando tenemos una ambulancia asistiendo a una emergencia, y una ambulancia en reparaci\u00f3n, recurrimos a las ambulancias del hospital, que tambi\u00e9n tiene una sola, porque Bomberos ya no presta este tipo de asistencia&#8221;<\/p>\n","protected":false},"excerpt":{"rendered":"<p>Vecinos de la ciudad de Or\u00e1n, manifestaron a la producci\u00f3n de Metro Noticias su preocupaci\u00f3n ante la falta de ambulancias disponibles en el Servicio de Atenci\u00f3n M\u00e9dica de Emergencias y Cat\u00e1strofes (SAMEC). Seg\u00fan relataron, el pasado viernes, en calle Alvarado al 400, una persona sufri\u00f3 un ataque de epilepsia. De inmediato se solicit\u00f3 la presencia [&hellip;]<\/p>\n","protected":false},"author":2,"featured_media":94529,"comment_status":"open","ping_status":"open","sticky":false,"template":"","format":"standard","meta":{"tdm_status":"","tdm_grid_status":"","_joinchat":[],"footnotes":""},"categories":[73],"tags":[],"class_list":{"0":"post-94528","1":"post","2":"type-post","3":"status-publish","4":"format-standard","5":"has-post-thumbnail","7":"category-noticias-general"},"amp_enabled":true,"_links":{"self":[{"href":"https:\/\/www.todoeldia.com\/index.php\/wp-json\/wp\/v2\/posts\/94528","targetHints":{"allow":["GET"]}}],"collection":[{"href":"https:\/\/www.todoeldia.com\/index.php\/wp-json\/wp\/v2\/posts"}],"about":[{"href":"https:\/\/www.todoeldia.com\/index.php\/wp-json\/wp\/v2\/types\/post"}],"author":[{"embeddable":true,"href":"https:\/\/www.todoeldia.com\/index.php\/wp-json\/wp\/v2\/users\/2"}],"replies":[{"embeddable":true,"href":"https:\/\/www.todoeldia.com\/index.php\/wp-json\/wp\/v2\/comments?post=94528"}],"version-history":[{"count":1,"href":"https:\/\/www.todoeldia.com\/index.php\/wp-json\/wp\/v2\/posts\/94528\/revisions"}],"predecessor-version":[{"id":94530,"href":"https:\/\/www.todoeldia.com\/index.php\/wp-json\/wp\/v2\/posts\/94528\/revisions\/94530"}],"wp:featuredmedia":[{"embeddable":true,"href":"https:\/\/www.todoeldia.com\/index.php\/wp-json\/wp\/v2\/media\/94529"}],"wp:attachment":[{"href":"https:\/\/www.todoeldia.com\/index.php\/wp-json\/wp\/v2\/media?parent=94528"}],"wp:term":[{"taxonomy":"category","embeddable":true,"href":"https:\/\/www.todoeldia.com\/index.php\/wp-json\/wp\/v2\/categories?post=94528"},{"taxonomy":"post_tag","embeddable":true,"href":"https:\/\/www.todoeldia.com\/index.php\/wp-json\/wp\/v2\/tags?post=94528"}],"curies":[{"name":"wp","href":"https:\/\/api.w.org\/{rel}","templated":true}]}}