{"id":94536,"date":"2025-04-29T10:18:21","date_gmt":"2025-04-29T13:18:21","guid":{"rendered":"https:\/\/www.todoeldia.com\/?p=94536"},"modified":"2025-04-29T10:18:22","modified_gmt":"2025-04-29T13:18:22","slug":"a-partir-del-viernes-se-suspende-la-quita-hora-en-las-escuelas-publicas","status":"publish","type":"post","link":"https:\/\/www.todoeldia.com\/index.php\/2025\/04\/29\/a-partir-del-viernes-se-suspende-la-quita-hora-en-las-escuelas-publicas\/","title":{"rendered":"A partir del viernes se suspende la quita hora en las escuelas p\u00fablicas"},"content":{"rendered":"\n<p>SiTEPSa comunic\u00f3 que la denominada Hora Focalizada dejar\u00e1 de dictarse a partir de mayo de 2025 debido al incumplimiento en el env\u00edo de fondos por parte del Gobierno Nacional.<\/p>\n\n\n\n<p>La suspensi\u00f3n de la quinta hora en las escuelas salte\u00f1as fue comunicada oficialmente este lunes por la ministra de Educaci\u00f3n, Cristina Fiore. Seg\u00fan inform\u00f3 SiTEPSa, la medida se debe a que el Gobierno Nacional no envi\u00f3 los fondos necesarios para sostener el programa a partir de mayo de 2025.<\/p>\n\n\n\n<p>Respecto al pago adeudado por la prestaci\u00f3n del servicio durante marzo, la ministra anunci\u00f3 que se abonar\u00e1 solo el 79% del monto correspondiente, mediante una planilla complementaria. El resto de la deuda se liquidar\u00e1 en pagos parciales y sin una fecha definida, sujeto a futuros env\u00edos de fondos nacionales.<\/p>\n\n\n\n<p>Durante la reuni\u00f3n, la ministra expres\u00f3 que la Hora Focalizada \u201cest\u00e1 fuera del salario docente\u201d, sugiriendo que se trata de un monto fijo y no de una retribuci\u00f3n salarial plena. Ante esta interpretaci\u00f3n, SiTEPSa reclam\u00f3 el reconocimiento de la quinta hora como parte del salario, ya que constituye una extensi\u00f3n regular de la jornada laboral docente.<\/p>\n","protected":false},"excerpt":{"rendered":"<p>SiTEPSa comunic\u00f3 que la denominada Hora Focalizada dejar\u00e1 de dictarse a partir de mayo de 2025 debido al incumplimiento en el env\u00edo de fondos por parte del Gobierno Nacional. La suspensi\u00f3n de la quinta hora en las escuelas salte\u00f1as fue comunicada oficialmente este lunes por la ministra de Educaci\u00f3n, Cristina Fiore. Seg\u00fan inform\u00f3 SiTEPSa, la [&hellip;]<\/p>\n","protected":false},"author":2,"featured_media":23990,"comment_status":"open","ping_status":"open","sticky":false,"template":"","format":"standard","meta":{"tdm_status":"","tdm_grid_status":"","_joinchat":[],"footnotes":""},"categories":[61],"tags":[],"class_list":{"0":"post-94536","1":"post","2":"type-post","3":"status-publish","4":"format-standard","5":"has-post-thumbnail","7":"category-educacion"},"amp_enabled":true,"_links":{"self":[{"href":"https:\/\/www.todoeldia.com\/index.php\/wp-json\/wp\/v2\/posts\/94536","targetHints":{"allow":["GET"]}}],"collection":[{"href":"https:\/\/www.todoeldia.com\/index.php\/wp-json\/wp\/v2\/posts"}],"about":[{"href":"https:\/\/www.todoeldia.com\/index.php\/wp-json\/wp\/v2\/types\/post"}],"author":[{"embeddable":true,"href":"https:\/\/www.todoeldia.com\/index.php\/wp-json\/wp\/v2\/users\/2"}],"replies":[{"embeddable":true,"href":"https:\/\/www.todoeldia.com\/index.php\/wp-json\/wp\/v2\/comments?post=94536"}],"version-history":[{"count":1,"href":"https:\/\/www.todoeldia.com\/index.php\/wp-json\/wp\/v2\/posts\/94536\/revisions"}],"predecessor-version":[{"id":94537,"href":"https:\/\/www.todoeldia.com\/index.php\/wp-json\/wp\/v2\/posts\/94536\/revisions\/94537"}],"wp:featuredmedia":[{"embeddable":true,"href":"https:\/\/www.todoeldia.com\/index.php\/wp-json\/wp\/v2\/media\/23990"}],"wp:attachment":[{"href":"https:\/\/www.todoeldia.com\/index.php\/wp-json\/wp\/v2\/media?parent=94536"}],"wp:term":[{"taxonomy":"category","embeddable":true,"href":"https:\/\/www.todoeldia.com\/index.php\/wp-json\/wp\/v2\/categories?post=94536"},{"taxonomy":"post_tag","embeddable":true,"href":"https:\/\/www.todoeldia.com\/index.php\/wp-json\/wp\/v2\/tags?post=94536"}],"curies":[{"name":"wp","href":"https:\/\/api.w.org\/{rel}","templated":true}]}}