{"id":94547,"date":"2025-04-29T11:09:39","date_gmt":"2025-04-29T14:09:39","guid":{"rendered":"https:\/\/www.todoeldia.com\/?p=94547"},"modified":"2025-04-29T11:09:40","modified_gmt":"2025-04-29T14:09:40","slug":"no-declaro-el-preso-que-mato-a-su-companero-de-celda-en-villa-las-rosas","status":"publish","type":"post","link":"https:\/\/www.todoeldia.com\/index.php\/2025\/04\/29\/no-declaro-el-preso-que-mato-a-su-companero-de-celda-en-villa-las-rosas\/","title":{"rendered":"No declar\u00f3 el preso que mat\u00f3 a su compa\u00f1ero de celda en Villa Las Rosas"},"content":{"rendered":"\n<p>El&nbsp;fiscal penal,&nbsp;Leandro Flores, imput\u00f3 de forma provisional al recluso de 25 a\u00f1os como autor del delito de&nbsp;homicidio simple.<\/p>\n\n\n\n<p>El acusado fue asistido por la defensa oficial y tras conocer la imputaci\u00f3n en su contra, se abstuvo de declarar.<\/p>\n\n\n\n<p>El hecho sucedi\u00f3 en la ma\u00f1ana del viernes 25 de abril, en la Unidad Carcelaria 1 de Villa Las Rosas, cuando en circunstancias que a\u00fan se investigan, el interno de 25 a\u00f1os agredi\u00f3 a su compa\u00f1ero de celda de 60 a\u00f1os causando su deceso como consecuencia de un traumatismo enc\u00e9falo craneano grave.<\/p>\n","protected":false},"excerpt":{"rendered":"<p>El&nbsp;fiscal penal,&nbsp;Leandro Flores, imput\u00f3 de forma provisional al recluso de 25 a\u00f1os como autor del delito de&nbsp;homicidio simple. El acusado fue asistido por la defensa oficial y tras conocer la imputaci\u00f3n en su contra, se abstuvo de declarar. El hecho sucedi\u00f3 en la ma\u00f1ana del viernes 25 de abril, en la Unidad Carcelaria 1 de [&hellip;]<\/p>\n","protected":false},"author":2,"featured_media":94548,"comment_status":"open","ping_status":"open","sticky":false,"template":"","format":"standard","meta":{"tdm_status":"","tdm_grid_status":"","_joinchat":[],"footnotes":""},"categories":[63],"tags":[],"class_list":{"0":"post-94547","1":"post","2":"type-post","3":"status-publish","4":"format-standard","5":"has-post-thumbnail","7":"category-policiales"},"amp_enabled":true,"_links":{"self":[{"href":"https:\/\/www.todoeldia.com\/index.php\/wp-json\/wp\/v2\/posts\/94547","targetHints":{"allow":["GET"]}}],"collection":[{"href":"https:\/\/www.todoeldia.com\/index.php\/wp-json\/wp\/v2\/posts"}],"about":[{"href":"https:\/\/www.todoeldia.com\/index.php\/wp-json\/wp\/v2\/types\/post"}],"author":[{"embeddable":true,"href":"https:\/\/www.todoeldia.com\/index.php\/wp-json\/wp\/v2\/users\/2"}],"replies":[{"embeddable":true,"href":"https:\/\/www.todoeldia.com\/index.php\/wp-json\/wp\/v2\/comments?post=94547"}],"version-history":[{"count":1,"href":"https:\/\/www.todoeldia.com\/index.php\/wp-json\/wp\/v2\/posts\/94547\/revisions"}],"predecessor-version":[{"id":94549,"href":"https:\/\/www.todoeldia.com\/index.php\/wp-json\/wp\/v2\/posts\/94547\/revisions\/94549"}],"wp:featuredmedia":[{"embeddable":true,"href":"https:\/\/www.todoeldia.com\/index.php\/wp-json\/wp\/v2\/media\/94548"}],"wp:attachment":[{"href":"https:\/\/www.todoeldia.com\/index.php\/wp-json\/wp\/v2\/media?parent=94547"}],"wp:term":[{"taxonomy":"category","embeddable":true,"href":"https:\/\/www.todoeldia.com\/index.php\/wp-json\/wp\/v2\/categories?post=94547"},{"taxonomy":"post_tag","embeddable":true,"href":"https:\/\/www.todoeldia.com\/index.php\/wp-json\/wp\/v2\/tags?post=94547"}],"curies":[{"name":"wp","href":"https:\/\/api.w.org\/{rel}","templated":true}]}}