{"id":9477,"date":"2020-10-26T20:06:28","date_gmt":"2020-10-26T23:06:28","guid":{"rendered":"https:\/\/www.todoeldia.com\/?p=9477"},"modified":"2020-10-26T20:06:29","modified_gmt":"2020-10-26T23:06:29","slug":"cristina-kirchner-dijo-que-el-freno-de-la-economia-es-agobiante-y-afirmo-que-hay-funcionarios-y-funcionarias-que-no-funcionan","status":"publish","type":"post","link":"https:\/\/www.todoeldia.com\/index.php\/2020\/10\/26\/cristina-kirchner-dijo-que-el-freno-de-la-economia-es-agobiante-y-afirmo-que-hay-funcionarios-y-funcionarias-que-no-funcionan\/","title":{"rendered":"Cristina Kirchner dijo que el freno de la econom\u00eda es \u201cagobiante\u201d y afirm\u00f3 que \u201chay funcionarios y funcionarias que no funcionan\u201d"},"content":{"rendered":"\n<p>La vicepresidente public\u00f3 una extensa carta en la que analiza la actualidad de la Argentina. Critic\u00f3 a los empresarios, enumer\u00f3 los fracasos del gobierno de Mauricio Macri, aclar\u00f3 que Alberto Fern\u00e1ndez \u201ctoma la decisiones de gobierno\u201d y pidi\u00f3 un acuerdo con todos los sectores \u201cpol\u00edticos, econ\u00f3micos, medi\u00e1ticos y sociales\u201d<\/p>\n\n\n\n<p>La vicepresidenta\u00a0Cristina Kirchner\u00a0public\u00f3 este lunes una extensa carta en la que analiz\u00f3 la actualidad econ\u00f3mica y se\u00f1al\u00f3 que la \u201ceconom\u00eda bimonetaria\u201d\u00a0es hoy el problema \u201cm\u00e1s grave\u201d de la Argentina.<\/p>\n\n\n\n<p>\u201cEl problema de la&nbsp;econom\u00eda bimonetaria&nbsp;es, sin dudas, el m\u00e1s grave que tiene nuestro pa\u00eds\u201d, se\u00f1al\u00f3 la ex mandataria. En esa l\u00ednea,&nbsp;plante\u00f3 que la soluci\u00f3n ser\u00e1 imposible \u201csin un acuerdo que abarque al conjunto de los sectores pol\u00edticos, econ\u00f3micos, medi\u00e1ticos y sociales de la Rep\u00fablica Argentina\u201d.<\/p>\n\n\n\n<p>El texto, titulado \u201cA diez a\u00f1os sin \u00e9l y a uno del triunfo electoral: sentimientos y certezas\u201d y publicado en su sitio web personal, comienza por se\u00f1alar la gravedad del impacto econ\u00f3mico y el contexto generado por la pandemia de coronavirus.&nbsp;\u201cEl freno a la econom\u00eda y la incertidumbre generalizada sobre qu\u00e9 va a pasar con nuestra vida son agobiantes\u201d, dijo. Luego, adelant\u00f3 que&nbsp;<a href=\"https:\/\/www.infobae.com\/politica\/2020\/10\/26\/la-vicepresidente-no-ira-al-acto-por-los-10-anos-de-la-muerte-de-nestor-kirchner-que-encabezara-alberto-fernandez-en-el-cck\/\" target=\"_blank\" rel=\"noreferrer noopener\">no participar\u00e1 de ning\u00fan acto por el aniversario de la muerte de N\u00e9stor Kirchner&nbsp;<\/a>y&nbsp;enumer\u00f3 tres \u201ccertezas pol\u00edticas\u201d.<\/p>\n\n\n\n<p>La&nbsp;primera de estas \u201ccertezas\u201d&nbsp;gira en torno a las cr\u00edticas de los poderes \u201cecon\u00f3micos y medi\u00e1ticos\u201d al gobierno de Alberto Fern\u00e1ndez y a la gesti\u00f3n que termin\u00f3 en 2015. La vicepresidenta reconoce que entre otras cosas durante su gesti\u00f3n&nbsp;gran parte de la sociedad cuestion\u00f3 sus \u201cformas\u201d y su falta de di\u00e1logo.<\/p>\n\n\n\n<p>Sin embargo, remarc\u00f3 que Alberto Fern\u00e1ndez sigue siendo criticado a pesar de su \u201cdi\u00e1logo con distintos sectores\u201d, su \u201ccontacto permanente con los medios de comunicaci\u00f3n cualquiera fuera la orientaci\u00f3n de los mismos\u201d y su \u201carticulaci\u00f3n con todos y cada uno de los sectores del peronismo\u201d.<\/p>\n\n\n\n<p>\u201cA esta altura ya resulta inocultable que, en realidad, el problema nunca fueron las formas. En realidad, lo que no aceptan es que el peronismo volvi\u00f3 al gobierno y que la apuesta pol\u00edtica y medi\u00e1tica de un gobierno de empresarios con Mauricio Macri a la cabeza fracas\u00f3\u201d,&nbsp;fustig\u00f3.<\/p>\n\n\n\n<p>Sobre los empresarios que apoyaron al macrismo tambi\u00e9n remarc\u00f3: \u201cHoy maltratan a un Presidente que,&nbsp;m\u00e1s all\u00e1 de funcionarios o funcionarias que no funcionan&nbsp;y m\u00e1s all\u00e1 de aciertos o desaciertos, no tiene ninguno de los \u2018defectos\u2019 que me atribu\u00edan\u201d.<\/p>\n\n\n\n<p>La&nbsp;segunda certeza&nbsp;busca desmentir a quienes cuestionan su influencia sobre el Gobierno nacional.&nbsp;\u201cEl sistema de decisi\u00f3n en el Poder Ejecutivo hace imposible que no sea el Presidente el que tome las decisiones de gobierno\u201d, argument\u00f3 Cristina Kirchner.<\/p>\n\n\n\n<p>Finalmente, en tercer lugar Cristina Kirchner afirm\u00f3 que&nbsp;Argentina es un \u201cextra\u00f1o lugar en donde mueren todas las teor\u00edas\u201d&nbsp;y reconoci\u00f3 que la econom\u00eda bimonetaria es el problema \u201cm\u00e1s grave que tiene nuestro pa\u00eds\u201d.<\/p>\n","protected":false},"excerpt":{"rendered":"<p>La vicepresidente public\u00f3 una extensa carta en la que analiza la actualidad de la Argentina. Critic\u00f3 a los empresarios, enumer\u00f3 los fracasos del gobierno de Mauricio Macri, aclar\u00f3 que Alberto Fern\u00e1ndez \u201ctoma la decisiones de gobierno\u201d y pidi\u00f3 un acuerdo con todos los sectores \u201cpol\u00edticos, econ\u00f3micos, medi\u00e1ticos y sociales\u201d La vicepresidenta\u00a0Cristina Kirchner\u00a0public\u00f3 este lunes una [&hellip;]<\/p>\n","protected":false},"author":2,"featured_media":9478,"comment_status":"open","ping_status":"open","sticky":false,"template":"","format":"standard","meta":{"tdm_status":"","tdm_grid_status":"","_joinchat":[],"footnotes":""},"categories":[59],"tags":[],"class_list":{"0":"post-9477","1":"post","2":"type-post","3":"status-publish","4":"format-standard","5":"has-post-thumbnail","7":"category-politica"},"amp_enabled":true,"_links":{"self":[{"href":"https:\/\/www.todoeldia.com\/index.php\/wp-json\/wp\/v2\/posts\/9477","targetHints":{"allow":["GET"]}}],"collection":[{"href":"https:\/\/www.todoeldia.com\/index.php\/wp-json\/wp\/v2\/posts"}],"about":[{"href":"https:\/\/www.todoeldia.com\/index.php\/wp-json\/wp\/v2\/types\/post"}],"author":[{"embeddable":true,"href":"https:\/\/www.todoeldia.com\/index.php\/wp-json\/wp\/v2\/users\/2"}],"replies":[{"embeddable":true,"href":"https:\/\/www.todoeldia.com\/index.php\/wp-json\/wp\/v2\/comments?post=9477"}],"version-history":[{"count":1,"href":"https:\/\/www.todoeldia.com\/index.php\/wp-json\/wp\/v2\/posts\/9477\/revisions"}],"predecessor-version":[{"id":9479,"href":"https:\/\/www.todoeldia.com\/index.php\/wp-json\/wp\/v2\/posts\/9477\/revisions\/9479"}],"wp:featuredmedia":[{"embeddable":true,"href":"https:\/\/www.todoeldia.com\/index.php\/wp-json\/wp\/v2\/media\/9478"}],"wp:attachment":[{"href":"https:\/\/www.todoeldia.com\/index.php\/wp-json\/wp\/v2\/media?parent=9477"}],"wp:term":[{"taxonomy":"category","embeddable":true,"href":"https:\/\/www.todoeldia.com\/index.php\/wp-json\/wp\/v2\/categories?post=9477"},{"taxonomy":"post_tag","embeddable":true,"href":"https:\/\/www.todoeldia.com\/index.php\/wp-json\/wp\/v2\/tags?post=9477"}],"curies":[{"name":"wp","href":"https:\/\/api.w.org\/{rel}","templated":true}]}}