{"id":9480,"date":"2020-10-26T20:31:20","date_gmt":"2020-10-26T23:31:20","guid":{"rendered":"https:\/\/www.todoeldia.com\/?p=9480"},"modified":"2020-10-26T20:31:35","modified_gmt":"2020-10-26T23:31:35","slug":"tucuman-registra-la-cifra-mas-baja-de-casos-covid-19-en-24-horas-luego-de-45-dias","status":"publish","type":"post","link":"https:\/\/www.todoeldia.com\/index.php\/2020\/10\/26\/tucuman-registra-la-cifra-mas-baja-de-casos-covid-19-en-24-horas-luego-de-45-dias\/","title":{"rendered":"Tucum\u00e1n registra la cifra m\u00e1s baja de casos covid-19 en 24 horas luego de 45 d\u00edas"},"content":{"rendered":"\n<p>Fueron 500 los contagios reportados por el Ministerio de Salud Tucum\u00e1n y un total de 18 muertes<\/p>\n\n\n\n<p>Tucum\u00e1n lleg\u00f3 a los 761 fallecimientos registrados desde que comenz\u00f3 la pandemia.<\/p>\n\n\n\n<p>La Provincia lleg\u00f3 a los 45.850 casos de coronavirus confirmados.<\/p>\n\n\n\n<p>Del total de contagiados de coronavirus, 30.115 se recuperaron y el resto siguen como casos activos.<\/p>\n","protected":false},"excerpt":{"rendered":"<p>Fueron 500 los contagios reportados por el Ministerio de Salud Tucum\u00e1n y un total de 18 muertes Tucum\u00e1n lleg\u00f3 a los 761 fallecimientos registrados desde que comenz\u00f3 la pandemia. La Provincia lleg\u00f3 a los 45.850 casos de coronavirus confirmados. Del total de contagiados de coronavirus, 30.115 se recuperaron y el resto siguen como casos activos.<\/p>\n","protected":false},"author":2,"featured_media":9481,"comment_status":"open","ping_status":"open","sticky":false,"template":"","format":"standard","meta":{"tdm_status":"","tdm_grid_status":"","_joinchat":[],"footnotes":""},"categories":[65],"tags":[],"class_list":{"0":"post-9480","1":"post","2":"type-post","3":"status-publish","4":"format-standard","5":"has-post-thumbnail","7":"category-coronavirus"},"amp_enabled":true,"_links":{"self":[{"href":"https:\/\/www.todoeldia.com\/index.php\/wp-json\/wp\/v2\/posts\/9480","targetHints":{"allow":["GET"]}}],"collection":[{"href":"https:\/\/www.todoeldia.com\/index.php\/wp-json\/wp\/v2\/posts"}],"about":[{"href":"https:\/\/www.todoeldia.com\/index.php\/wp-json\/wp\/v2\/types\/post"}],"author":[{"embeddable":true,"href":"https:\/\/www.todoeldia.com\/index.php\/wp-json\/wp\/v2\/users\/2"}],"replies":[{"embeddable":true,"href":"https:\/\/www.todoeldia.com\/index.php\/wp-json\/wp\/v2\/comments?post=9480"}],"version-history":[{"count":1,"href":"https:\/\/www.todoeldia.com\/index.php\/wp-json\/wp\/v2\/posts\/9480\/revisions"}],"predecessor-version":[{"id":9482,"href":"https:\/\/www.todoeldia.com\/index.php\/wp-json\/wp\/v2\/posts\/9480\/revisions\/9482"}],"wp:featuredmedia":[{"embeddable":true,"href":"https:\/\/www.todoeldia.com\/index.php\/wp-json\/wp\/v2\/media\/9481"}],"wp:attachment":[{"href":"https:\/\/www.todoeldia.com\/index.php\/wp-json\/wp\/v2\/media?parent=9480"}],"wp:term":[{"taxonomy":"category","embeddable":true,"href":"https:\/\/www.todoeldia.com\/index.php\/wp-json\/wp\/v2\/categories?post=9480"},{"taxonomy":"post_tag","embeddable":true,"href":"https:\/\/www.todoeldia.com\/index.php\/wp-json\/wp\/v2\/tags?post=9480"}],"curies":[{"name":"wp","href":"https:\/\/api.w.org\/{rel}","templated":true}]}}