{"id":94951,"date":"2025-05-10T10:33:35","date_gmt":"2025-05-10T13:33:35","guid":{"rendered":"https:\/\/www.todoeldia.com\/?p=94951"},"modified":"2025-05-10T10:33:36","modified_gmt":"2025-05-10T13:33:36","slug":"juan-otero-el-hijo-de-flor-pena-enfrento-las-criticas-por-la-diferencia-de-edad-entre-el-y-su-novio","status":"publish","type":"post","link":"https:\/\/www.todoeldia.com\/index.php\/2025\/05\/10\/juan-otero-el-hijo-de-flor-pena-enfrento-las-criticas-por-la-diferencia-de-edad-entre-el-y-su-novio\/","title":{"rendered":"Juan Otero, el hijo de Flor Pe\u00f1a, enfrent\u00f3 las cr\u00edticas por la diferencia de edad entre \u00e9l y su novio"},"content":{"rendered":"\n<p>El joven asegur\u00f3 que su entorno m\u00e1s cercano est\u00e1 feliz por su relaci\u00f3n y lament\u00f3 los ataques que junto a su novio recibi\u00f3 desde que decidi\u00f3 blanquear.<\/p>\n\n\n\n<p>Juan Otero comparti\u00f3 en sus redes un video en TikTok para defenderse de las cr\u00edticas por su noviazgo con Mateo Lofeudo, tan solo a pocos d\u00edas de blanquear la relaci\u00f3n mediante un posteo con varias fotos de su escapada rom\u00e1ntica a Pinamar.<\/p>\n\n\n\n<figure class=\"wp-block-image size-full is-resized\"><img loading=\"lazy\" decoding=\"async\" width=\"910\" height=\"506\" src=\"https:\/\/www.todoeldia.com\/wp-content\/uploads\/2025\/05\/image-46.png\" alt=\"\" class=\"wp-image-94953\" style=\"width:1055px;height:auto\" srcset=\"https:\/\/www.todoeldia.com\/wp-content\/uploads\/2025\/05\/image-46.png 910w, https:\/\/www.todoeldia.com\/wp-content\/uploads\/2025\/05\/image-46-300x167.png 300w, https:\/\/www.todoeldia.com\/wp-content\/uploads\/2025\/05\/image-46-768x427.png 768w, https:\/\/www.todoeldia.com\/wp-content\/uploads\/2025\/05\/image-46-755x420.png 755w, https:\/\/www.todoeldia.com\/wp-content\/uploads\/2025\/05\/image-46-696x387.png 696w\" sizes=\"auto, (max-width: 910px) 100vw, 910px\" \/><\/figure>\n\n\n\n<p>Lo que gener\u00f3 controversia en redes sociales, fue un detalle que en principio se desconoc\u00eda: el hijo de Florencia Pe\u00f1a tiene 16 a\u00f1os en la actualidad y su pareja tiene 18.<\/p>\n\n\n\n<p>\u201cLa realidad es la siguiente: con Mateo nos llevamos dos a\u00f1os. \u00c9l es mayor, pero yo estoy completamente de acuerdo, soy consciente, lo elijo, lo amo y nos queremos\u201c, coment\u00f3 el ex \u201dCantando&#8221;.<\/p>\n\n\n\n<p>Adem\u00e1s, Juan aclar\u00f3 que su mam\u00e1, Florencia Pe\u00f1a conoce la situaci\u00f3n y est\u00e1 muy feliz por \u00e9l, as\u00ed como su entorno m\u00e1s cercano. \u201cLos que conocen mi relaci\u00f3n saben que est\u00e1 todo bien\u201d, coment\u00f3<\/p>\n\n\n\n<p>Por otro lado, pidi\u00f3 a sus detractores en redes que lo dejen vivir su experiencia amorosa: \u201cEs muy f\u00e1cil opinar del otro lado sin saber c\u00f3mo es una relaci\u00f3n. Seamos l\u00f3gicos. Hay mucho hate del otro lado, creo que tambi\u00e9n hay mucha envidia que no me lo merezco para nada\u201d, sentenci\u00f3.<\/p>\n\n\n\n<p>En este clip, el joven dej\u00f3 saber que tanto \u00e9l como su pareja tambi\u00e9n fueron v\u00edctimas de comentarios homof\u00f3bicos. Sin embargo, el influencer no quiso dirigirse a este grupo, sino que decidi\u00f3 aclarar los t\u00e9rminos de su relaci\u00f3n para evitar mayores cuestionamientos y rumores.<\/p>\n","protected":false},"excerpt":{"rendered":"<p>El joven asegur\u00f3 que su entorno m\u00e1s cercano est\u00e1 feliz por su relaci\u00f3n y lament\u00f3 los ataques que junto a su novio recibi\u00f3 desde que decidi\u00f3 blanquear. Juan Otero comparti\u00f3 en sus redes un video en TikTok para defenderse de las cr\u00edticas por su noviazgo con Mateo Lofeudo, tan solo a pocos d\u00edas de blanquear [&hellip;]<\/p>\n","protected":false},"author":2,"featured_media":94952,"comment_status":"open","ping_status":"open","sticky":false,"template":"","format":"standard","meta":{"tdm_status":"","tdm_grid_status":"","_joinchat":[],"footnotes":""},"categories":[120],"tags":[],"class_list":{"0":"post-94951","1":"post","2":"type-post","3":"status-publish","4":"format-standard","5":"has-post-thumbnail","7":"category-espectaculos-2"},"amp_enabled":true,"_links":{"self":[{"href":"https:\/\/www.todoeldia.com\/index.php\/wp-json\/wp\/v2\/posts\/94951","targetHints":{"allow":["GET"]}}],"collection":[{"href":"https:\/\/www.todoeldia.com\/index.php\/wp-json\/wp\/v2\/posts"}],"about":[{"href":"https:\/\/www.todoeldia.com\/index.php\/wp-json\/wp\/v2\/types\/post"}],"author":[{"embeddable":true,"href":"https:\/\/www.todoeldia.com\/index.php\/wp-json\/wp\/v2\/users\/2"}],"replies":[{"embeddable":true,"href":"https:\/\/www.todoeldia.com\/index.php\/wp-json\/wp\/v2\/comments?post=94951"}],"version-history":[{"count":1,"href":"https:\/\/www.todoeldia.com\/index.php\/wp-json\/wp\/v2\/posts\/94951\/revisions"}],"predecessor-version":[{"id":94954,"href":"https:\/\/www.todoeldia.com\/index.php\/wp-json\/wp\/v2\/posts\/94951\/revisions\/94954"}],"wp:featuredmedia":[{"embeddable":true,"href":"https:\/\/www.todoeldia.com\/index.php\/wp-json\/wp\/v2\/media\/94952"}],"wp:attachment":[{"href":"https:\/\/www.todoeldia.com\/index.php\/wp-json\/wp\/v2\/media?parent=94951"}],"wp:term":[{"taxonomy":"category","embeddable":true,"href":"https:\/\/www.todoeldia.com\/index.php\/wp-json\/wp\/v2\/categories?post=94951"},{"taxonomy":"post_tag","embeddable":true,"href":"https:\/\/www.todoeldia.com\/index.php\/wp-json\/wp\/v2\/tags?post=94951"}],"curies":[{"name":"wp","href":"https:\/\/api.w.org\/{rel}","templated":true}]}}