{"id":94958,"date":"2025-05-11T10:17:44","date_gmt":"2025-05-11T13:17:44","guid":{"rendered":"https:\/\/www.todoeldia.com\/?p=94958"},"modified":"2025-05-11T10:17:45","modified_gmt":"2025-05-11T13:17:45","slug":"el-cuerpo-de-la-mujer-encontrada-sin-vida-en-villa-el-sol-no-presentaba-signos-de-violencia","status":"publish","type":"post","link":"https:\/\/www.todoeldia.com\/index.php\/2025\/05\/11\/el-cuerpo-de-la-mujer-encontrada-sin-vida-en-villa-el-sol-no-presentaba-signos-de-violencia\/","title":{"rendered":"El cuerpo de la mujer encontrada sin vida en Villa El Sol no presentaba signos de violencia"},"content":{"rendered":"\n<p>Finalizada la autopsia, se descart\u00f3 la presencia de lesiones que puedan hacer presumir que fue v\u00edctima de la comisi\u00f3n de un delito. Se dispusieron estudios complementarios para determinar la data y causa fehaciente del deceso.<\/p>\n\n\n\n<p>La&nbsp;fiscal penal de la Unidad de Femicidios, Mar\u00eda Lujan Sodero Calvet, en el marco de la investigaci\u00f3n que lleva adelante tras el hallazgo de una mujer sin vida, ocurrido durante la ma\u00f1ana de este s\u00e1bado en un terreno ubicado en inmediaciones de villa El Sol, inform\u00f3 que el informe preliminar de la autopsia descart\u00f3 la presencia de signos de visibles de violencia en el cuerpo, por lo que solicit\u00f3 estudios complementarios que permitir\u00e1n establecer la data y la causa de su muerte.<\/p>\n\n\n\n<p>La fiscal Sodero Calvet sostuvo que la investigaci\u00f3n se lleva a cabo conforme a la Resoluci\u00f3n 1284 del 17 de noviembre de 2021 de la&nbsp;Procuraci\u00f3n General de la Provincia, que establece que, ante la muerte de una persona, incluso si inicialmente parece un suicidio o una muerte accidental, debe aplicarse como regla la presunci\u00f3n de femicidio u homicidio doloso. Esto implica seguir los protocolos y medidas correspondientes desde las primeras diligencias hasta que se pueda determinar cient\u00edficamente la causa del fallecimiento.<\/p>\n","protected":false},"excerpt":{"rendered":"<p>Finalizada la autopsia, se descart\u00f3 la presencia de lesiones que puedan hacer presumir que fue v\u00edctima de la comisi\u00f3n de un delito. Se dispusieron estudios complementarios para determinar la data y causa fehaciente del deceso. La&nbsp;fiscal penal de la Unidad de Femicidios, Mar\u00eda Lujan Sodero Calvet, en el marco de la investigaci\u00f3n que lleva adelante [&hellip;]<\/p>\n","protected":false},"author":2,"featured_media":25923,"comment_status":"open","ping_status":"open","sticky":false,"template":"","format":"standard","meta":{"tdm_status":"","tdm_grid_status":"","_joinchat":[],"footnotes":""},"categories":[63],"tags":[],"class_list":{"0":"post-94958","1":"post","2":"type-post","3":"status-publish","4":"format-standard","5":"has-post-thumbnail","7":"category-policiales"},"amp_enabled":true,"_links":{"self":[{"href":"https:\/\/www.todoeldia.com\/index.php\/wp-json\/wp\/v2\/posts\/94958","targetHints":{"allow":["GET"]}}],"collection":[{"href":"https:\/\/www.todoeldia.com\/index.php\/wp-json\/wp\/v2\/posts"}],"about":[{"href":"https:\/\/www.todoeldia.com\/index.php\/wp-json\/wp\/v2\/types\/post"}],"author":[{"embeddable":true,"href":"https:\/\/www.todoeldia.com\/index.php\/wp-json\/wp\/v2\/users\/2"}],"replies":[{"embeddable":true,"href":"https:\/\/www.todoeldia.com\/index.php\/wp-json\/wp\/v2\/comments?post=94958"}],"version-history":[{"count":1,"href":"https:\/\/www.todoeldia.com\/index.php\/wp-json\/wp\/v2\/posts\/94958\/revisions"}],"predecessor-version":[{"id":94959,"href":"https:\/\/www.todoeldia.com\/index.php\/wp-json\/wp\/v2\/posts\/94958\/revisions\/94959"}],"wp:featuredmedia":[{"embeddable":true,"href":"https:\/\/www.todoeldia.com\/index.php\/wp-json\/wp\/v2\/media\/25923"}],"wp:attachment":[{"href":"https:\/\/www.todoeldia.com\/index.php\/wp-json\/wp\/v2\/media?parent=94958"}],"wp:term":[{"taxonomy":"category","embeddable":true,"href":"https:\/\/www.todoeldia.com\/index.php\/wp-json\/wp\/v2\/categories?post=94958"},{"taxonomy":"post_tag","embeddable":true,"href":"https:\/\/www.todoeldia.com\/index.php\/wp-json\/wp\/v2\/tags?post=94958"}],"curies":[{"name":"wp","href":"https:\/\/api.w.org\/{rel}","templated":true}]}}