{"id":95036,"date":"2025-05-12T12:28:12","date_gmt":"2025-05-12T15:28:12","guid":{"rendered":"https:\/\/www.todoeldia.com\/?p=95036"},"modified":"2025-05-12T12:28:13","modified_gmt":"2025-05-12T15:28:13","slug":"milei-le-copo-el-concejo-a-franco-en-tartagal","status":"publish","type":"post","link":"https:\/\/www.todoeldia.com\/index.php\/2025\/05\/12\/milei-le-copo-el-concejo-a-franco-en-tartagal\/","title":{"rendered":"Milei le cop\u00f3 el Concejo a Franco en Tartagal"},"content":{"rendered":"\n<p>S\u00f3lo Sergio Jure y Amando Leguizam\u00f3n, actual presidente del Concejo, lograron renovar sus bancas, los dem\u00e1s quedaron en el camino.<\/p>\n\n\n\n<p>Solo un oficialista lleg\u00f3, lo que deja a Franco Hern\u00e1ndez sin renovar 4 de las 5 bancas que necesitaba.<\/p>\n\n\n\n<p>La gran revelaci\u00f3n Emanuel Gallardo, quien se sumar\u00e1 al Concejo Deliberante de la mano de Jorge Restom, pero por la l\u00ednea del senador Manuel Pailler.<\/p>\n\n\n\n<p>La libertad Avanza se qued\u00f3 con 3 bancas, una muy buena elecci\u00f3n realiz\u00f3 el partido de Javier Milei en Tartagal, con pocas salidas en medios de comunicaci\u00f3n y mucho en redes sociales, llevando siempre la foto de Milei.<br>El nuevo Concejo tendr\u00e1, si cumple con lo que dijeron en campa\u00f1a los libertarios, la mayor\u00eda opositora. Al Nuevo Concejo ingresar\u00e1n Manuel Arenas (LLA), Armando Leguizam\u00f3n (Oficialista), Lucrecia D\u00edaz (LLA), Emanuel Gallardo (DT), Sergio Jure (Comit\u00e9 Julieta Yurovich) y Daniel M\u00e1rquez (LLA).<\/p>\n\n\n\n<p>Con la nueva composici\u00f3n, y de respetarse la figura opositora e independiente de la Libertad Avanza, el concejo pierde 4 bancas oficialistas y la oposici\u00f3n gana 6.<br>En convencionales los votos cambian, el frente encabezado por Restom incluye 5 convencionales y la libertad avanza 3, mientras que Unidos por Salta, Cambiemos y el Frente Justicialista Salte\u00f1o 1 cada uno.<br>En los diputados por San Mart\u00edn ingresan Jorge Restom, M\u00f3nica Goicochea y Nicol\u00e1s Arce.<\/p>\n\n\n\n<p>FM Alba<\/p>\n","protected":false},"excerpt":{"rendered":"<p>S\u00f3lo Sergio Jure y Amando Leguizam\u00f3n, actual presidente del Concejo, lograron renovar sus bancas, los dem\u00e1s quedaron en el camino. Solo un oficialista lleg\u00f3, lo que deja a Franco Hern\u00e1ndez sin renovar 4 de las 5 bancas que necesitaba. La gran revelaci\u00f3n Emanuel Gallardo, quien se sumar\u00e1 al Concejo Deliberante de la mano de Jorge [&hellip;]<\/p>\n","protected":false},"author":2,"featured_media":83289,"comment_status":"open","ping_status":"open","sticky":false,"template":"","format":"standard","meta":{"tdm_status":"","tdm_grid_status":"","_joinchat":[],"footnotes":""},"categories":[59],"tags":[],"class_list":{"0":"post-95036","1":"post","2":"type-post","3":"status-publish","4":"format-standard","5":"has-post-thumbnail","7":"category-politica"},"amp_enabled":true,"_links":{"self":[{"href":"https:\/\/www.todoeldia.com\/index.php\/wp-json\/wp\/v2\/posts\/95036","targetHints":{"allow":["GET"]}}],"collection":[{"href":"https:\/\/www.todoeldia.com\/index.php\/wp-json\/wp\/v2\/posts"}],"about":[{"href":"https:\/\/www.todoeldia.com\/index.php\/wp-json\/wp\/v2\/types\/post"}],"author":[{"embeddable":true,"href":"https:\/\/www.todoeldia.com\/index.php\/wp-json\/wp\/v2\/users\/2"}],"replies":[{"embeddable":true,"href":"https:\/\/www.todoeldia.com\/index.php\/wp-json\/wp\/v2\/comments?post=95036"}],"version-history":[{"count":1,"href":"https:\/\/www.todoeldia.com\/index.php\/wp-json\/wp\/v2\/posts\/95036\/revisions"}],"predecessor-version":[{"id":95037,"href":"https:\/\/www.todoeldia.com\/index.php\/wp-json\/wp\/v2\/posts\/95036\/revisions\/95037"}],"wp:featuredmedia":[{"embeddable":true,"href":"https:\/\/www.todoeldia.com\/index.php\/wp-json\/wp\/v2\/media\/83289"}],"wp:attachment":[{"href":"https:\/\/www.todoeldia.com\/index.php\/wp-json\/wp\/v2\/media?parent=95036"}],"wp:term":[{"taxonomy":"category","embeddable":true,"href":"https:\/\/www.todoeldia.com\/index.php\/wp-json\/wp\/v2\/categories?post=95036"},{"taxonomy":"post_tag","embeddable":true,"href":"https:\/\/www.todoeldia.com\/index.php\/wp-json\/wp\/v2\/tags?post=95036"}],"curies":[{"name":"wp","href":"https:\/\/api.w.org\/{rel}","templated":true}]}}