{"id":95087,"date":"2025-05-13T15:35:00","date_gmt":"2025-05-13T18:35:00","guid":{"rendered":"https:\/\/www.todoeldia.com\/?p=95087"},"modified":"2025-05-13T15:35:01","modified_gmt":"2025-05-13T18:35:01","slug":"en-oran-sacaron-a-17-adultos-mayores-del-hogar-y-los-mandaron-a-un-centro-vecinal","status":"publish","type":"post","link":"https:\/\/www.todoeldia.com\/index.php\/2025\/05\/13\/en-oran-sacaron-a-17-adultos-mayores-del-hogar-y-los-mandaron-a-un-centro-vecinal\/","title":{"rendered":"En Or\u00e1n sacaron a 17 adultos mayores del hogar y los mandaron a un Centro Vecinal"},"content":{"rendered":"\n<p>La jueza Civil y Comercial 2 de Or\u00e1n intervino en una presentaci\u00f3n de amparo relacionada con el traslado de diecisiete adultos mayores.<\/p>\n\n\n\n<p>La acci\u00f3n fue iniciada por los abogados David Arnaldo Leiva y Sergio Francisco Guerrero, en representaci\u00f3n de la Asociaci\u00f3n de Derechos Humanos, Verdad y Justicia, y de uno de los residentes afectados.<\/p>\n\n\n\n<p>La presentaci\u00f3n de amparo se realiz\u00f3 de forma verbal el pasado viernes 9 a las 11. Est\u00e1 dirigida contra el Gobierno de la Provincia de Salta y la Municipalidad de San Ram\u00f3n de la Nueva Or\u00e1n debido al traslado de diecisiete adultos mayores (catorce hombres y tres mujeres) desde el Hogar de Ancianos San Vicente de Paul, ubicado en calle Alvarado e Hip\u00f3lito Yrigoyen, hacia el Centro Vecinal del Barrio 17 de Agosto, en calle Moro D\u00edaz, Casa 20.<\/p>\n\n\n\n<p>Los abogados solicitaron que estos adultos mayores sean alojados en un lugar que cuente con las condiciones adecuadas de salud, higiene y bioseguridad.<\/p>\n\n\n\n<p>Como respuesta a esta solicitud, la jueza Catalina Gallo Pul\u00f3 orden\u00f3 realizar un reconocimiento judicial en el Centro Vecinal en el que se encuentran actualmente alojadas las personas afectadas, a modo de prueba anticipada. Este acto se realiz\u00f3 ese mismo viernes 9 a las 12.30.<\/p>\n\n\n\n<p>Durante el reconocimiento realizado por la jueza, estuvieron presentes el Asesor de Incapaces, Cristian Babicz; la Secretaria de Desarrollo de la Municipalidad de Or\u00e1n, Claudia Palavecino; y en representaci\u00f3n de la Secretar\u00eda de Adultos Mayores de la Gobernaci\u00f3n, Marcela Ordo\u00f1ez. En el lugar asignado para el alojamiento de los adultos mayores, se realiz\u00f3 la toma de fotograf\u00edas para documentar las condiciones en las que se encuentran residiendo los afectados.<\/p>\n","protected":false},"excerpt":{"rendered":"<p>La jueza Civil y Comercial 2 de Or\u00e1n intervino en una presentaci\u00f3n de amparo relacionada con el traslado de diecisiete adultos mayores. La acci\u00f3n fue iniciada por los abogados David Arnaldo Leiva y Sergio Francisco Guerrero, en representaci\u00f3n de la Asociaci\u00f3n de Derechos Humanos, Verdad y Justicia, y de uno de los residentes afectados. La [&hellip;]<\/p>\n","protected":false},"author":2,"featured_media":95088,"comment_status":"open","ping_status":"open","sticky":false,"template":"","format":"standard","meta":{"tdm_status":"","tdm_grid_status":"","_joinchat":[],"footnotes":""},"categories":[73],"tags":[],"class_list":{"0":"post-95087","1":"post","2":"type-post","3":"status-publish","4":"format-standard","5":"has-post-thumbnail","7":"category-noticias-general"},"amp_enabled":true,"_links":{"self":[{"href":"https:\/\/www.todoeldia.com\/index.php\/wp-json\/wp\/v2\/posts\/95087","targetHints":{"allow":["GET"]}}],"collection":[{"href":"https:\/\/www.todoeldia.com\/index.php\/wp-json\/wp\/v2\/posts"}],"about":[{"href":"https:\/\/www.todoeldia.com\/index.php\/wp-json\/wp\/v2\/types\/post"}],"author":[{"embeddable":true,"href":"https:\/\/www.todoeldia.com\/index.php\/wp-json\/wp\/v2\/users\/2"}],"replies":[{"embeddable":true,"href":"https:\/\/www.todoeldia.com\/index.php\/wp-json\/wp\/v2\/comments?post=95087"}],"version-history":[{"count":1,"href":"https:\/\/www.todoeldia.com\/index.php\/wp-json\/wp\/v2\/posts\/95087\/revisions"}],"predecessor-version":[{"id":95089,"href":"https:\/\/www.todoeldia.com\/index.php\/wp-json\/wp\/v2\/posts\/95087\/revisions\/95089"}],"wp:featuredmedia":[{"embeddable":true,"href":"https:\/\/www.todoeldia.com\/index.php\/wp-json\/wp\/v2\/media\/95088"}],"wp:attachment":[{"href":"https:\/\/www.todoeldia.com\/index.php\/wp-json\/wp\/v2\/media?parent=95087"}],"wp:term":[{"taxonomy":"category","embeddable":true,"href":"https:\/\/www.todoeldia.com\/index.php\/wp-json\/wp\/v2\/categories?post=95087"},{"taxonomy":"post_tag","embeddable":true,"href":"https:\/\/www.todoeldia.com\/index.php\/wp-json\/wp\/v2\/tags?post=95087"}],"curies":[{"name":"wp","href":"https:\/\/api.w.org\/{rel}","templated":true}]}}