{"id":95097,"date":"2025-05-13T15:56:57","date_gmt":"2025-05-13T18:56:57","guid":{"rendered":"https:\/\/www.todoeldia.com\/?p=95097"},"modified":"2025-05-13T15:56:58","modified_gmt":"2025-05-13T18:56:58","slug":"renuncio-el-director-del-hospital-onativia-con-criticas-hacia-le-gestion-del-ministro-mangione","status":"publish","type":"post","link":"https:\/\/www.todoeldia.com\/index.php\/2025\/05\/13\/renuncio-el-director-del-hospital-onativia-con-criticas-hacia-le-gestion-del-ministro-mangione\/","title":{"rendered":"Renuncio el director del hospital O\u00f1ativia con cr\u00edticas hacia le gesti\u00f3n del ministro Mangione"},"content":{"rendered":"\n<p>Sin pasar desapercibida por la cantidad de a\u00f1os al frente de la gerencia, Marcelo Nallar renunci\u00f3 a su cargo como gerente del hospital Arturo O\u00f1ativia. Explic\u00f3 que su dimisi\u00f3n es motivada por asuntos personales que no quiso detallarlos. Sin embargo, se conoci\u00f3 que recientemente estuvo en desacuerdo con las nuevas medidas que imparti\u00f3 el ministro de Salud, Federico Mangione, hacia el nosocomio.<\/p>\n\n\n\n<p>Por FM Profesional, el ahora ex gerente Nallar explic\u00f3 que qui\u00e9n lo suceder\u00eda en el cargo ser\u00eda la actual subgerente y endocrin\u00f3loga Macarena Galindez. \u201cEs la persona id\u00f3nea para conducir mejor que yo el hospital, al menos que desde el ministerio designen a otra persona\u201d, aclar\u00f3 el m\u00e9dico que desempe\u00f1aba su tarea hace un poco m\u00e1s de 18 a\u00f1os.<\/p>\n\n\n\n<p>\u201cYo creo que nadie tiene raz\u00f3n, yo puedo tener una mirada y \u00e9l otra y habremos discutido varias veces. Siempre habr\u00e1 opiniones diferentes, pero decid\u00ed seguir acompa\u00f1\u00e1ndolo hasta este lunes\u201d, dijo Nallar quien asegur\u00f3 que es de car\u00e1cter indeclinable su renuncia. Ante la consulta de c\u00f3mo ve el sistema de salud en Salta, el ex gerente resalt\u00f3 la falta de inversi\u00f3n edilicia y de recursos humanos en el primer nivel. \u201cNo puede ser que una infecci\u00f3n urinaria se deba atender en un hospital cuando eso se pueden encargar las salitas de los barrios\u201d, sentenci\u00f3.<\/p>\n","protected":false},"excerpt":{"rendered":"<p>Sin pasar desapercibida por la cantidad de a\u00f1os al frente de la gerencia, Marcelo Nallar renunci\u00f3 a su cargo como gerente del hospital Arturo O\u00f1ativia. Explic\u00f3 que su dimisi\u00f3n es motivada por asuntos personales que no quiso detallarlos. Sin embargo, se conoci\u00f3 que recientemente estuvo en desacuerdo con las nuevas medidas que imparti\u00f3 el ministro [&hellip;]<\/p>\n","protected":false},"author":2,"featured_media":95098,"comment_status":"open","ping_status":"open","sticky":false,"template":"","format":"standard","meta":{"tdm_status":"","tdm_grid_status":"","_joinchat":[],"footnotes":""},"categories":[59],"tags":[],"class_list":{"0":"post-95097","1":"post","2":"type-post","3":"status-publish","4":"format-standard","5":"has-post-thumbnail","7":"category-politica"},"amp_enabled":true,"_links":{"self":[{"href":"https:\/\/www.todoeldia.com\/index.php\/wp-json\/wp\/v2\/posts\/95097","targetHints":{"allow":["GET"]}}],"collection":[{"href":"https:\/\/www.todoeldia.com\/index.php\/wp-json\/wp\/v2\/posts"}],"about":[{"href":"https:\/\/www.todoeldia.com\/index.php\/wp-json\/wp\/v2\/types\/post"}],"author":[{"embeddable":true,"href":"https:\/\/www.todoeldia.com\/index.php\/wp-json\/wp\/v2\/users\/2"}],"replies":[{"embeddable":true,"href":"https:\/\/www.todoeldia.com\/index.php\/wp-json\/wp\/v2\/comments?post=95097"}],"version-history":[{"count":1,"href":"https:\/\/www.todoeldia.com\/index.php\/wp-json\/wp\/v2\/posts\/95097\/revisions"}],"predecessor-version":[{"id":95099,"href":"https:\/\/www.todoeldia.com\/index.php\/wp-json\/wp\/v2\/posts\/95097\/revisions\/95099"}],"wp:featuredmedia":[{"embeddable":true,"href":"https:\/\/www.todoeldia.com\/index.php\/wp-json\/wp\/v2\/media\/95098"}],"wp:attachment":[{"href":"https:\/\/www.todoeldia.com\/index.php\/wp-json\/wp\/v2\/media?parent=95097"}],"wp:term":[{"taxonomy":"category","embeddable":true,"href":"https:\/\/www.todoeldia.com\/index.php\/wp-json\/wp\/v2\/categories?post=95097"},{"taxonomy":"post_tag","embeddable":true,"href":"https:\/\/www.todoeldia.com\/index.php\/wp-json\/wp\/v2\/tags?post=95097"}],"curies":[{"name":"wp","href":"https:\/\/api.w.org\/{rel}","templated":true}]}}