{"id":95100,"date":"2025-05-13T17:41:55","date_gmt":"2025-05-13T20:41:55","guid":{"rendered":"https:\/\/www.todoeldia.com\/?p=95100"},"modified":"2025-05-13T17:41:56","modified_gmt":"2025-05-13T20:41:56","slug":"murio-jose-pepe-mujica-el-ex-guerrillero-que-llego-a-presidente-y-se-convirtio-en-simbolo-mundial","status":"publish","type":"post","link":"https:\/\/www.todoeldia.com\/index.php\/2025\/05\/13\/murio-jose-pepe-mujica-el-ex-guerrillero-que-llego-a-presidente-y-se-convirtio-en-simbolo-mundial\/","title":{"rendered":"Muri\u00f3 Jos\u00e9 \u201cPepe\u201d Mujica, el ex guerrillero que lleg\u00f3 a presidente y se convirti\u00f3 en s\u00edmbolo mundial"},"content":{"rendered":"\n<p>El ex mandatario uruguayo falleci\u00f3 a los 89 a\u00f1os, enfermo de c\u00e1ncer. Luch\u00f3 contra el sistema pol\u00edtico, estuvo preso 14 a\u00f1os pero se adapt\u00f3 a las reglas del sistema democr\u00e1tico y se convirti\u00f3 en su figura m\u00e1s popular. Su espacio pol\u00edtico es desde hace d\u00e9cadas el m\u00e1s votado y el actual presidente, Yamand\u00fa Orsi, su delf\u00edn.<\/p>\n\n\n\n<p>La muerte de Jos\u00e9 Mujica fue anunciada por el presidente uruguayo Yamand\u00fa Orsi. Desde hac\u00eda tiempo, el ex presidente (2010-2015), popularmente conocido como \u201cel m\u00e1s pobre del mundo\u201d, dec\u00eda que era parte de una generaci\u00f3n que se est\u00e1 yendo. Pero en abril del a\u00f1o pasado ese comentario dej\u00f3 de ser un lugar com\u00fan de un veterano sabio para convertirse en una realidad probable.<\/p>\n\n\n\n<figure class=\"wp-block-image size-full is-resized\"><img loading=\"lazy\" decoding=\"async\" width=\"992\" height=\"661\" src=\"https:\/\/www.todoeldia.com\/wp-content\/uploads\/2025\/05\/image-69.png\" alt=\"\" class=\"wp-image-95102\" style=\"width:1055px;height:auto\" srcset=\"https:\/\/www.todoeldia.com\/wp-content\/uploads\/2025\/05\/image-69.png 992w, https:\/\/www.todoeldia.com\/wp-content\/uploads\/2025\/05\/image-69-300x200.png 300w, https:\/\/www.todoeldia.com\/wp-content\/uploads\/2025\/05\/image-69-768x512.png 768w, https:\/\/www.todoeldia.com\/wp-content\/uploads\/2025\/05\/image-69-630x420.png 630w, https:\/\/www.todoeldia.com\/wp-content\/uploads\/2025\/05\/image-69-696x464.png 696w\" sizes=\"auto, (max-width: 992px) 100vw, 992px\" \/><\/figure>\n\n\n\n<p><strong>Enfermo de c\u00e1ncer, Mujica no dej\u00f3 las actividades de militancia<\/strong><\/p>\n\n\n\n<p>En abril de 2024 Mujica llam\u00f3 de forma sorpresiva a una conferencia de prensa para anunciar \u00e9l mismo que ten\u00eda c\u00e1ncer de es\u00f3fago. Despu\u00e9s de eso vinieron 32 sesiones de radioterapia, la desaparici\u00f3n de los indicios del tumor y una dolorosa recuperaci\u00f3n con varias internaciones por los problemas para alimentarse que sufri\u00f3 el hist\u00f3rico dirigente de la izquierda.<\/p>\n\n\n\n<p>Mujica, el tupamaro: seis balazos y 15 a\u00f1os de c\u00e1rcel<\/p>\n\n\n\n<figure class=\"wp-block-image size-full is-resized\"><img loading=\"lazy\" decoding=\"async\" width=\"992\" height=\"661\" src=\"https:\/\/www.todoeldia.com\/wp-content\/uploads\/2025\/05\/image-70.png\" alt=\"\" class=\"wp-image-95103\" style=\"width:1055px;height:auto\" srcset=\"https:\/\/www.todoeldia.com\/wp-content\/uploads\/2025\/05\/image-70.png 992w, https:\/\/www.todoeldia.com\/wp-content\/uploads\/2025\/05\/image-70-300x200.png 300w, https:\/\/www.todoeldia.com\/wp-content\/uploads\/2025\/05\/image-70-768x512.png 768w, https:\/\/www.todoeldia.com\/wp-content\/uploads\/2025\/05\/image-70-630x420.png 630w, https:\/\/www.todoeldia.com\/wp-content\/uploads\/2025\/05\/image-70-696x464.png 696w\" sizes=\"auto, (max-width: 992px) 100vw, 992px\" \/><\/figure>\n\n\n\n<p><strong>Mujica junto a los ex presidentes Julio Mar\u00eda Sanguinetti y Luis Alberto Lacalle, y el actual mandatario de Uruguay, Yamand\u00fa Orsi, en un evento por los 40 a\u00f1os de la democracia uruguaya<\/strong><\/p>\n\n\n\n<p>El padre de Mujica muri\u00f3 cuando \u00e9l ten\u00eda siete a\u00f1os y su madre, Lucy Cordano, fue la encargada de su crianza y tambi\u00e9n de la de su hermana menor. Viv\u00edan en una vivienda del Paso de la Arena, un barrio de clase media baja, ubicado en la zona semi rural de Montevideo, cerca de la chacra del final de sus d\u00edas.<\/p>\n\n\n\n<p>Jos\u00e9 Mujica fue preso por primera vez en 1964 por robar el dep\u00f3sito de una f\u00e1brica de Montevideo. Lo hizo porque era tupa \u2013un integrante del Movimiento de Liberaci\u00f3n Nacional-Tupamaros, el principal grupo armado de Uruguay en la d\u00e9cada de los 60\u2013 y hab\u00eda que juntar dinero para la organizaci\u00f3n. Estuvo en la c\u00e1rcel m\u00e1s de ocho meses por hurto, seg\u00fan narra el libro Una oveja negra al poder, de Andr\u00e9s Danza y Ernesto Tulbovitz.<\/p>\n\n\n\n<p><\/p>\n","protected":false},"excerpt":{"rendered":"<p>El ex mandatario uruguayo falleci\u00f3 a los 89 a\u00f1os, enfermo de c\u00e1ncer. Luch\u00f3 contra el sistema pol\u00edtico, estuvo preso 14 a\u00f1os pero se adapt\u00f3 a las reglas del sistema democr\u00e1tico y se convirti\u00f3 en su figura m\u00e1s popular. Su espacio pol\u00edtico es desde hace d\u00e9cadas el m\u00e1s votado y el actual presidente, Yamand\u00fa Orsi, su [&hellip;]<\/p>\n","protected":false},"author":2,"featured_media":95101,"comment_status":"open","ping_status":"open","sticky":false,"template":"","format":"standard","meta":{"tdm_status":"","tdm_grid_status":"","_joinchat":[],"footnotes":""},"categories":[59],"tags":[],"class_list":{"0":"post-95100","1":"post","2":"type-post","3":"status-publish","4":"format-standard","5":"has-post-thumbnail","7":"category-politica"},"amp_enabled":true,"_links":{"self":[{"href":"https:\/\/www.todoeldia.com\/index.php\/wp-json\/wp\/v2\/posts\/95100","targetHints":{"allow":["GET"]}}],"collection":[{"href":"https:\/\/www.todoeldia.com\/index.php\/wp-json\/wp\/v2\/posts"}],"about":[{"href":"https:\/\/www.todoeldia.com\/index.php\/wp-json\/wp\/v2\/types\/post"}],"author":[{"embeddable":true,"href":"https:\/\/www.todoeldia.com\/index.php\/wp-json\/wp\/v2\/users\/2"}],"replies":[{"embeddable":true,"href":"https:\/\/www.todoeldia.com\/index.php\/wp-json\/wp\/v2\/comments?post=95100"}],"version-history":[{"count":1,"href":"https:\/\/www.todoeldia.com\/index.php\/wp-json\/wp\/v2\/posts\/95100\/revisions"}],"predecessor-version":[{"id":95104,"href":"https:\/\/www.todoeldia.com\/index.php\/wp-json\/wp\/v2\/posts\/95100\/revisions\/95104"}],"wp:featuredmedia":[{"embeddable":true,"href":"https:\/\/www.todoeldia.com\/index.php\/wp-json\/wp\/v2\/media\/95101"}],"wp:attachment":[{"href":"https:\/\/www.todoeldia.com\/index.php\/wp-json\/wp\/v2\/media?parent=95100"}],"wp:term":[{"taxonomy":"category","embeddable":true,"href":"https:\/\/www.todoeldia.com\/index.php\/wp-json\/wp\/v2\/categories?post=95100"},{"taxonomy":"post_tag","embeddable":true,"href":"https:\/\/www.todoeldia.com\/index.php\/wp-json\/wp\/v2\/tags?post=95100"}],"curies":[{"name":"wp","href":"https:\/\/api.w.org\/{rel}","templated":true}]}}