{"id":95105,"date":"2025-05-13T17:44:56","date_gmt":"2025-05-13T20:44:56","guid":{"rendered":"https:\/\/www.todoeldia.com\/?p=95105"},"modified":"2025-05-13T17:44:57","modified_gmt":"2025-05-13T20:44:57","slug":"internaron-a-carmen-barbieri-en-terapia-intensiva","status":"publish","type":"post","link":"https:\/\/www.todoeldia.com\/index.php\/2025\/05\/13\/internaron-a-carmen-barbieri-en-terapia-intensiva\/","title":{"rendered":"Internaron a Carmen Barbieri en terapia intensiva"},"content":{"rendered":"\n<p>La conductora fue ingresada en la Cl\u00ednica Zabala por un fuerte dolor en el pecho<\/p>\n\n\n\n<p>En medio de la emoci\u00f3n por comenzar su nuevo proyecto laboral en Canal 9, Carmen Barbieri tuvo que ser internada en la Cl\u00ednica Zabala, ubicada en el barrio de Belgrano. Seg\u00fan pudo saber Teleshow, durante la madrugada de este martes sinti\u00f3 un fuerte dolor en el pecho, que la despert\u00f3 y decidi\u00f3 ir a la cl\u00ednica.<\/p>\n\n\n\n<p>Este medio habl\u00f3 con Melanie Alvarado, la asistente personal de Carmen, y dio detalles del estado de salud de la capoc\u00f3mica. \u201cEst\u00e1 mejor. Est\u00e1 en observaci\u00f3n porque tuvo un dolor de pecho muy grande, que a las 5 de la ma\u00f1ana la despert\u00f3\u201d, comenz\u00f3 diciendo Melania en la comunicaci\u00f3n telef\u00f3nica<\/p>\n\n\n\n<p>\u201cDecidimos venir a la Zabala para hacer todos los estudios correspondientes\u201d, detall\u00f3 y agreg\u00f3 que todav\u00eda no se sabe a qu\u00e9 se debieron los dolores y, cuando se le consult\u00f3 si se trat\u00f3 de un infarto, respondi\u00f3: \u201cTodav\u00eda no tenemos resultados. Est\u00e1 en terapia intensiva, en unidad coronaria, pero en observaci\u00f3n\u201c. La conductora se hizo los estudios correspondientes, fueron llevados al laboratorio y Alvarado cont\u00f3 que \u201clos resultados pueden tardar hasta 20 horas\u201d.<\/p>\n","protected":false},"excerpt":{"rendered":"<p>La conductora fue ingresada en la Cl\u00ednica Zabala por un fuerte dolor en el pecho En medio de la emoci\u00f3n por comenzar su nuevo proyecto laboral en Canal 9, Carmen Barbieri tuvo que ser internada en la Cl\u00ednica Zabala, ubicada en el barrio de Belgrano. Seg\u00fan pudo saber Teleshow, durante la madrugada de este martes [&hellip;]<\/p>\n","protected":false},"author":2,"featured_media":17110,"comment_status":"open","ping_status":"open","sticky":false,"template":"","format":"standard","meta":{"tdm_status":"","tdm_grid_status":"","_joinchat":[],"footnotes":""},"categories":[120],"tags":[],"class_list":{"0":"post-95105","1":"post","2":"type-post","3":"status-publish","4":"format-standard","5":"has-post-thumbnail","7":"category-espectaculos-2"},"amp_enabled":true,"_links":{"self":[{"href":"https:\/\/www.todoeldia.com\/index.php\/wp-json\/wp\/v2\/posts\/95105","targetHints":{"allow":["GET"]}}],"collection":[{"href":"https:\/\/www.todoeldia.com\/index.php\/wp-json\/wp\/v2\/posts"}],"about":[{"href":"https:\/\/www.todoeldia.com\/index.php\/wp-json\/wp\/v2\/types\/post"}],"author":[{"embeddable":true,"href":"https:\/\/www.todoeldia.com\/index.php\/wp-json\/wp\/v2\/users\/2"}],"replies":[{"embeddable":true,"href":"https:\/\/www.todoeldia.com\/index.php\/wp-json\/wp\/v2\/comments?post=95105"}],"version-history":[{"count":1,"href":"https:\/\/www.todoeldia.com\/index.php\/wp-json\/wp\/v2\/posts\/95105\/revisions"}],"predecessor-version":[{"id":95106,"href":"https:\/\/www.todoeldia.com\/index.php\/wp-json\/wp\/v2\/posts\/95105\/revisions\/95106"}],"wp:featuredmedia":[{"embeddable":true,"href":"https:\/\/www.todoeldia.com\/index.php\/wp-json\/wp\/v2\/media\/17110"}],"wp:attachment":[{"href":"https:\/\/www.todoeldia.com\/index.php\/wp-json\/wp\/v2\/media?parent=95105"}],"wp:term":[{"taxonomy":"category","embeddable":true,"href":"https:\/\/www.todoeldia.com\/index.php\/wp-json\/wp\/v2\/categories?post=95105"},{"taxonomy":"post_tag","embeddable":true,"href":"https:\/\/www.todoeldia.com\/index.php\/wp-json\/wp\/v2\/tags?post=95105"}],"curies":[{"name":"wp","href":"https:\/\/api.w.org\/{rel}","templated":true}]}}