{"id":95107,"date":"2025-05-14T09:42:35","date_gmt":"2025-05-14T12:42:35","guid":{"rendered":"https:\/\/www.todoeldia.com\/?p=95107"},"modified":"2025-05-14T09:42:36","modified_gmt":"2025-05-14T12:42:36","slug":"va-a-juicio-la-madre-que-encadenaba-a-su-hija-a-la-cucha-de-un-perro-en-general-guemes","status":"publish","type":"post","link":"https:\/\/www.todoeldia.com\/index.php\/2025\/05\/14\/va-a-juicio-la-madre-que-encadenaba-a-su-hija-a-la-cucha-de-un-perro-en-general-guemes\/","title":{"rendered":"Va a juicio la madre que encadenaba a su hija a la cucha de un perro en General G\u00fcemes"},"content":{"rendered":"\n<p>El fiscal penal de General G\u00fcemes, Gustavo Vilar, requiri\u00f3 la elevaci\u00f3n a juicio oral y p\u00fablico de la causa seguida en contra de una mujer de 61 a\u00f1os de edad y dos hombres de 44 y 55 a\u00f1os, acusados del delito de privaci\u00f3n ileg\u00edtima de la libertad, en calidad de coautores.<\/p>\n\n\n\n<p>En el requerimiento, el fiscal Vilar Rey ofrece abundante prueba documental que incluye informes policiales, m\u00e9dicos y de trabajadoras sociales, as\u00ed como muestras fotogr\u00e1ficas, actas de declaraci\u00f3n testimonial y otros elementos relevantes para la causa.<\/p>\n\n\n\n<p>El 2 de diciembre de 2024, una vecina del barrio Centro de la ciudad de General G\u00fcemes denunci\u00f3 que, en el fondo de una vivienda colindante, se pod\u00eda ver a una mujer atada con cadenas en los pies y sujeta a la cucha de un perro.<\/p>\n\n\n\n<p>Apenas tom\u00f3 conocimiento del hecho, la Fiscal\u00eda intervino con celeridad y dispuso una serie de medidas, entre ellas una entrevista policial en el domicilio denunciado, donde se logr\u00f3 corroborar la veracidad de la denuncia.<\/p>\n\n\n\n<p>La mujer de 42 a\u00f1os de edad con S\u00edndrome de Down, respondi\u00f3 a las preguntas formuladas por los efectivos policiales y entreg\u00f3 una cadena de m\u00e1s de 1 metro de largo, elemento que fue incorporado a la causa.<\/p>\n","protected":false},"excerpt":{"rendered":"<p>El fiscal penal de General G\u00fcemes, Gustavo Vilar, requiri\u00f3 la elevaci\u00f3n a juicio oral y p\u00fablico de la causa seguida en contra de una mujer de 61 a\u00f1os de edad y dos hombres de 44 y 55 a\u00f1os, acusados del delito de privaci\u00f3n ileg\u00edtima de la libertad, en calidad de coautores. En el requerimiento, el [&hellip;]<\/p>\n","protected":false},"author":2,"featured_media":88933,"comment_status":"open","ping_status":"open","sticky":false,"template":"","format":"standard","meta":{"tdm_status":"","tdm_grid_status":"","_joinchat":[],"footnotes":""},"categories":[73],"tags":[],"class_list":{"0":"post-95107","1":"post","2":"type-post","3":"status-publish","4":"format-standard","5":"has-post-thumbnail","7":"category-noticias-general"},"amp_enabled":true,"_links":{"self":[{"href":"https:\/\/www.todoeldia.com\/index.php\/wp-json\/wp\/v2\/posts\/95107","targetHints":{"allow":["GET"]}}],"collection":[{"href":"https:\/\/www.todoeldia.com\/index.php\/wp-json\/wp\/v2\/posts"}],"about":[{"href":"https:\/\/www.todoeldia.com\/index.php\/wp-json\/wp\/v2\/types\/post"}],"author":[{"embeddable":true,"href":"https:\/\/www.todoeldia.com\/index.php\/wp-json\/wp\/v2\/users\/2"}],"replies":[{"embeddable":true,"href":"https:\/\/www.todoeldia.com\/index.php\/wp-json\/wp\/v2\/comments?post=95107"}],"version-history":[{"count":1,"href":"https:\/\/www.todoeldia.com\/index.php\/wp-json\/wp\/v2\/posts\/95107\/revisions"}],"predecessor-version":[{"id":95108,"href":"https:\/\/www.todoeldia.com\/index.php\/wp-json\/wp\/v2\/posts\/95107\/revisions\/95108"}],"wp:featuredmedia":[{"embeddable":true,"href":"https:\/\/www.todoeldia.com\/index.php\/wp-json\/wp\/v2\/media\/88933"}],"wp:attachment":[{"href":"https:\/\/www.todoeldia.com\/index.php\/wp-json\/wp\/v2\/media?parent=95107"}],"wp:term":[{"taxonomy":"category","embeddable":true,"href":"https:\/\/www.todoeldia.com\/index.php\/wp-json\/wp\/v2\/categories?post=95107"},{"taxonomy":"post_tag","embeddable":true,"href":"https:\/\/www.todoeldia.com\/index.php\/wp-json\/wp\/v2\/tags?post=95107"}],"curies":[{"name":"wp","href":"https:\/\/api.w.org\/{rel}","templated":true}]}}