{"id":95112,"date":"2025-05-14T10:38:36","date_gmt":"2025-05-14T13:38:36","guid":{"rendered":"https:\/\/www.todoeldia.com\/?p=95112"},"modified":"2025-05-14T10:38:37","modified_gmt":"2025-05-14T13:38:37","slug":"pidieron-la-detencion-de-claudio-caniggia-por-abuso-sexual-de-mariana-nannis","status":"publish","type":"post","link":"https:\/\/www.todoeldia.com\/index.php\/2025\/05\/14\/pidieron-la-detencion-de-claudio-caniggia-por-abuso-sexual-de-mariana-nannis\/","title":{"rendered":"Pidieron la detenci\u00f3n de Claudio Caniggia por abuso sexual de Mariana Nannis"},"content":{"rendered":"\n<p>El abogado querellante solicit\u00f3 que se le revoque la libertad, se ordene la prisi\u00f3n preventiva y se disponga su inmediata detenci\u00f3n.<\/p>\n\n\n\n<p>El abogado de&nbsp;Mariana Nannis&nbsp;solicit\u00f3 la&nbsp;inmediata detenci\u00f3n de Claudio Caniggia en la causa donde se lo acusa por abuso sexual.&nbsp;En el escrito se solicit\u00f3 que se le revoque la libertad, se ordene la&nbsp;prisi\u00f3n preventiva y se disponga su arresto.<\/p>\n\n\n\n<p>Conforme al documento al que tuvo acceso la&nbsp;<em>Agencia Noticias Argentinas<\/em>, es por el&nbsp;entorpecimiento de la investigaci\u00f3n.<\/p>\n\n\n\n<p>El escrito destaca que la presentaci\u00f3n, a cargo de Pablo Dar\u00edo G\u00f3mez de Olivera, corresponde a&nbsp;dos hechos de desobediencia y dos casos de entorpecimiento de la pesquisa.<\/p>\n\n\n\n<p>La misma se tramita en el&nbsp;Tribunal Oral N\u00b028&nbsp;y en ella el ex jugador de la Selecci\u00f3n Argentina se encuentra&nbsp;procesado por el delito de abuso sexual agravado en perjuicio de Nannis.<\/p>\n\n\n\n<p>El defensor destac\u00f3 que a Caniggia le hab\u00edan otorgado la libertad bajo dos condiciones: que no se fugue, ni entorpezca la pesquisa. Sin embargo, la denunciante sostiene que Caniggia incumpli\u00f3 en esta \u00faltima solicitud judicial.<\/p>\n\n\n\n<p>Otro de los puntos que reclaman desde la querella es que desde hace casi dos a\u00f1os la causa est\u00e1 estancada y&nbsp;todav\u00eda no hay fecha del inicio del juicio oral y p\u00fablico.<\/p>\n","protected":false},"excerpt":{"rendered":"<p>El abogado querellante solicit\u00f3 que se le revoque la libertad, se ordene la prisi\u00f3n preventiva y se disponga su inmediata detenci\u00f3n. El abogado de&nbsp;Mariana Nannis&nbsp;solicit\u00f3 la&nbsp;inmediata detenci\u00f3n de Claudio Caniggia en la causa donde se lo acusa por abuso sexual.&nbsp;En el escrito se solicit\u00f3 que se le revoque la libertad, se ordene la&nbsp;prisi\u00f3n preventiva y [&hellip;]<\/p>\n","protected":false},"author":2,"featured_media":36268,"comment_status":"open","ping_status":"open","sticky":false,"template":"","format":"standard","meta":{"tdm_status":"","tdm_grid_status":"","_joinchat":[],"footnotes":""},"categories":[73],"tags":[],"class_list":{"0":"post-95112","1":"post","2":"type-post","3":"status-publish","4":"format-standard","5":"has-post-thumbnail","7":"category-noticias-general"},"amp_enabled":true,"_links":{"self":[{"href":"https:\/\/www.todoeldia.com\/index.php\/wp-json\/wp\/v2\/posts\/95112","targetHints":{"allow":["GET"]}}],"collection":[{"href":"https:\/\/www.todoeldia.com\/index.php\/wp-json\/wp\/v2\/posts"}],"about":[{"href":"https:\/\/www.todoeldia.com\/index.php\/wp-json\/wp\/v2\/types\/post"}],"author":[{"embeddable":true,"href":"https:\/\/www.todoeldia.com\/index.php\/wp-json\/wp\/v2\/users\/2"}],"replies":[{"embeddable":true,"href":"https:\/\/www.todoeldia.com\/index.php\/wp-json\/wp\/v2\/comments?post=95112"}],"version-history":[{"count":1,"href":"https:\/\/www.todoeldia.com\/index.php\/wp-json\/wp\/v2\/posts\/95112\/revisions"}],"predecessor-version":[{"id":95113,"href":"https:\/\/www.todoeldia.com\/index.php\/wp-json\/wp\/v2\/posts\/95112\/revisions\/95113"}],"wp:featuredmedia":[{"embeddable":true,"href":"https:\/\/www.todoeldia.com\/index.php\/wp-json\/wp\/v2\/media\/36268"}],"wp:attachment":[{"href":"https:\/\/www.todoeldia.com\/index.php\/wp-json\/wp\/v2\/media?parent=95112"}],"wp:term":[{"taxonomy":"category","embeddable":true,"href":"https:\/\/www.todoeldia.com\/index.php\/wp-json\/wp\/v2\/categories?post=95112"},{"taxonomy":"post_tag","embeddable":true,"href":"https:\/\/www.todoeldia.com\/index.php\/wp-json\/wp\/v2\/tags?post=95112"}],"curies":[{"name":"wp","href":"https:\/\/api.w.org\/{rel}","templated":true}]}}