{"id":95127,"date":"2025-05-14T12:37:59","date_gmt":"2025-05-14T15:37:59","guid":{"rendered":"https:\/\/www.todoeldia.com\/?p=95127"},"modified":"2025-05-14T12:38:44","modified_gmt":"2025-05-14T15:38:44","slug":"desvincularon-al-camionero-hector-romero-con-desaparicion-de-maria-cash","status":"publish","type":"post","link":"https:\/\/www.todoeldia.com\/index.php\/2025\/05\/14\/desvincularon-al-camionero-hector-romero-con-desaparicion-de-maria-cash\/","title":{"rendered":"Desvincularon al camionero Hector Romero con la desaparici\u00f3n de Mar\u00eda Cash"},"content":{"rendered":"\n<p>El Juzgado Federal N\u00b02 de Salta dict\u00f3 el sobreseimiento del camionero H\u00e9ctor Romero la \u00fanica persona que se hab\u00eda vinculado a la causa por la desaparici\u00f3n de Mar\u00eda Cash.<\/p>\n\n\n\n<figure class=\"wp-block-image size-full is-resized\"><img loading=\"lazy\" decoding=\"async\" width=\"800\" height=\"450\" src=\"https:\/\/www.todoeldia.com\/wp-content\/uploads\/2024\/11\/camionero-hector-romero.jpg\" alt=\"\" class=\"wp-image-87535\" style=\"width:1055px;height:auto\" srcset=\"https:\/\/www.todoeldia.com\/wp-content\/uploads\/2024\/11\/camionero-hector-romero.jpg 800w, https:\/\/www.todoeldia.com\/wp-content\/uploads\/2024\/11\/camionero-hector-romero-300x169.jpg 300w, https:\/\/www.todoeldia.com\/wp-content\/uploads\/2024\/11\/camionero-hector-romero-768x432.jpg 768w, https:\/\/www.todoeldia.com\/wp-content\/uploads\/2024\/11\/camionero-hector-romero-747x420.jpg 747w, https:\/\/www.todoeldia.com\/wp-content\/uploads\/2024\/11\/camionero-hector-romero-696x392.jpg 696w\" sizes=\"auto, (max-width: 800px) 100vw, 800px\" \/><figcaption class=\"wp-element-caption\">El camionero H\u00e9ctor Romero<\/figcaption><\/figure>\n\n\n\n<p>La justicia lo hizo al no encontrar pruebas que lo vinculen al caso luego de una investigaci\u00f3n realizada por Gendarmeria y peritos de la Corte de Justicia de Salta.<\/p>\n","protected":false},"excerpt":{"rendered":"<p>El Juzgado Federal N\u00b02 de Salta dict\u00f3 el sobreseimiento del camionero H\u00e9ctor Romero la \u00fanica persona que se hab\u00eda vinculado a la causa por la desaparici\u00f3n de Mar\u00eda Cash. La justicia lo hizo al no encontrar pruebas que lo vinculen al caso luego de una investigaci\u00f3n realizada por Gendarmeria y peritos de la Corte de [&hellip;]<\/p>\n","protected":false},"author":2,"featured_media":87465,"comment_status":"open","ping_status":"open","sticky":false,"template":"","format":"standard","meta":{"tdm_status":"","tdm_grid_status":"","_joinchat":[],"footnotes":""},"categories":[63],"tags":[],"class_list":{"0":"post-95127","1":"post","2":"type-post","3":"status-publish","4":"format-standard","5":"has-post-thumbnail","7":"category-policiales"},"amp_enabled":true,"_links":{"self":[{"href":"https:\/\/www.todoeldia.com\/index.php\/wp-json\/wp\/v2\/posts\/95127","targetHints":{"allow":["GET"]}}],"collection":[{"href":"https:\/\/www.todoeldia.com\/index.php\/wp-json\/wp\/v2\/posts"}],"about":[{"href":"https:\/\/www.todoeldia.com\/index.php\/wp-json\/wp\/v2\/types\/post"}],"author":[{"embeddable":true,"href":"https:\/\/www.todoeldia.com\/index.php\/wp-json\/wp\/v2\/users\/2"}],"replies":[{"embeddable":true,"href":"https:\/\/www.todoeldia.com\/index.php\/wp-json\/wp\/v2\/comments?post=95127"}],"version-history":[{"count":2,"href":"https:\/\/www.todoeldia.com\/index.php\/wp-json\/wp\/v2\/posts\/95127\/revisions"}],"predecessor-version":[{"id":95129,"href":"https:\/\/www.todoeldia.com\/index.php\/wp-json\/wp\/v2\/posts\/95127\/revisions\/95129"}],"wp:featuredmedia":[{"embeddable":true,"href":"https:\/\/www.todoeldia.com\/index.php\/wp-json\/wp\/v2\/media\/87465"}],"wp:attachment":[{"href":"https:\/\/www.todoeldia.com\/index.php\/wp-json\/wp\/v2\/media?parent=95127"}],"wp:term":[{"taxonomy":"category","embeddable":true,"href":"https:\/\/www.todoeldia.com\/index.php\/wp-json\/wp\/v2\/categories?post=95127"},{"taxonomy":"post_tag","embeddable":true,"href":"https:\/\/www.todoeldia.com\/index.php\/wp-json\/wp\/v2\/tags?post=95127"}],"curies":[{"name":"wp","href":"https:\/\/api.w.org\/{rel}","templated":true}]}}