{"id":95139,"date":"2025-05-14T14:38:49","date_gmt":"2025-05-14T17:38:49","guid":{"rendered":"https:\/\/www.todoeldia.com\/?p=95139"},"modified":"2025-05-14T14:38:50","modified_gmt":"2025-05-14T17:38:50","slug":"condenaron-a-allemand-y-bustamante-ex-empleados-de-emiliano-estrada-por-intimidacion-publica-en-redes","status":"publish","type":"post","link":"https:\/\/www.todoeldia.com\/index.php\/2025\/05\/14\/condenaron-a-allemand-y-bustamante-ex-empleados-de-emiliano-estrada-por-intimidacion-publica-en-redes\/","title":{"rendered":"Condenaron a Allemand y Bustamante, ex empleados de Emiliano Estrada por intimidaci\u00f3n p\u00fablica en redes"},"content":{"rendered":"\n<p>Los exempleados del diputado nacional Emiliano Estrada fueron hallados culpables de difundir contenidos difamatorios siguiendo las \u00f3rdenes del legislador. La causa que involucra a Estrada contin\u00faa en la Justicia Federal.<\/p>\n\n\n\n<p>En un fallo dictado por el Juzgado de Garant\u00edas de 7\u00aa Nominaci\u00f3n a cargo del juez Pablo Zerd\u00e1n, Florencia Arias Bustamante y Alonso Allemand, ex empleados del diputado nacional Emiliano Estrada, fueron condenados a un a\u00f1o y cuatro meses de prisi\u00f3n condicional por el delito de intimidaci\u00f3n p\u00fablica, en calidad de part\u00edcipes secundarios.<\/p>\n\n\n\n<p>El caso se inici\u00f3 a partir de una investigaci\u00f3n de oficio llevada adelante por la fiscal de Ciberdelitos Sof\u00eda Cornejo Sol\u00e1, luego de que se viralizaran en redes sociales videos difamatorios dirigidos contra periodistas, empresarios y dirigentes pol\u00edticos. Seg\u00fan la investigaci\u00f3n, el material fue producido por Floremcia Arias Bustamante y Allemand por encargo directo del legislador nacional, en el marco de una campa\u00f1a sistem\u00e1tica de hostigamiento digital.<\/p>\n\n\n\n<p>Durante el proceso judicial, se confirmaron allanamientos en los domicilios de los imputados, donde se secuestraron tel\u00e9fonos y computadoras. Ambos admitieron en sus testimonios que trabajaban bajo las \u00f3rdenes de Estrada, quien los hab\u00eda contratado como asesores en el Congreso Nacional. Los ahora condenados tambi\u00e9n fueron inhabilitados para ejercer cargos p\u00fablicos durante un a\u00f1o.<\/p>\n\n\n\n<p>Pese a que la investigaci\u00f3n recogi\u00f3 m\u00faltiples elementos que vinculan directamente a Emiliano Estrada como instigador e ide\u00f3logo de la campa\u00f1a, el legislador evit\u00f3 ser imputado ampar\u00e1ndose en los fueros parlamentarios que mantiene hasta diciembre de este a\u00f1o. La causa que lo involucra actualmente se encuentra radicada en la Justicia Federal, aunque no ha mostrado mayores avances.<\/p>\n","protected":false},"excerpt":{"rendered":"<p>Los exempleados del diputado nacional Emiliano Estrada fueron hallados culpables de difundir contenidos difamatorios siguiendo las \u00f3rdenes del legislador. La causa que involucra a Estrada contin\u00faa en la Justicia Federal. En un fallo dictado por el Juzgado de Garant\u00edas de 7\u00aa Nominaci\u00f3n a cargo del juez Pablo Zerd\u00e1n, Florencia Arias Bustamante y Alonso Allemand, ex [&hellip;]<\/p>\n","protected":false},"author":2,"featured_media":57802,"comment_status":"open","ping_status":"open","sticky":false,"template":"","format":"standard","meta":{"tdm_status":"","tdm_grid_status":"","_joinchat":[],"footnotes":""},"categories":[63],"tags":[],"class_list":{"0":"post-95139","1":"post","2":"type-post","3":"status-publish","4":"format-standard","5":"has-post-thumbnail","7":"category-policiales"},"amp_enabled":true,"_links":{"self":[{"href":"https:\/\/www.todoeldia.com\/index.php\/wp-json\/wp\/v2\/posts\/95139","targetHints":{"allow":["GET"]}}],"collection":[{"href":"https:\/\/www.todoeldia.com\/index.php\/wp-json\/wp\/v2\/posts"}],"about":[{"href":"https:\/\/www.todoeldia.com\/index.php\/wp-json\/wp\/v2\/types\/post"}],"author":[{"embeddable":true,"href":"https:\/\/www.todoeldia.com\/index.php\/wp-json\/wp\/v2\/users\/2"}],"replies":[{"embeddable":true,"href":"https:\/\/www.todoeldia.com\/index.php\/wp-json\/wp\/v2\/comments?post=95139"}],"version-history":[{"count":1,"href":"https:\/\/www.todoeldia.com\/index.php\/wp-json\/wp\/v2\/posts\/95139\/revisions"}],"predecessor-version":[{"id":95140,"href":"https:\/\/www.todoeldia.com\/index.php\/wp-json\/wp\/v2\/posts\/95139\/revisions\/95140"}],"wp:featuredmedia":[{"embeddable":true,"href":"https:\/\/www.todoeldia.com\/index.php\/wp-json\/wp\/v2\/media\/57802"}],"wp:attachment":[{"href":"https:\/\/www.todoeldia.com\/index.php\/wp-json\/wp\/v2\/media?parent=95139"}],"wp:term":[{"taxonomy":"category","embeddable":true,"href":"https:\/\/www.todoeldia.com\/index.php\/wp-json\/wp\/v2\/categories?post=95139"},{"taxonomy":"post_tag","embeddable":true,"href":"https:\/\/www.todoeldia.com\/index.php\/wp-json\/wp\/v2\/tags?post=95139"}],"curies":[{"name":"wp","href":"https:\/\/api.w.org\/{rel}","templated":true}]}}