{"id":95141,"date":"2025-05-14T14:52:13","date_gmt":"2025-05-14T17:52:13","guid":{"rendered":"https:\/\/www.todoeldia.com\/?p=95141"},"modified":"2025-05-14T14:52:14","modified_gmt":"2025-05-14T17:52:14","slug":"preocupacion-por-la-salud-de-maria-valenzuela-volvio-a-ser-internada","status":"publish","type":"post","link":"https:\/\/www.todoeldia.com\/index.php\/2025\/05\/14\/preocupacion-por-la-salud-de-maria-valenzuela-volvio-a-ser-internada\/","title":{"rendered":"Preocupaci\u00f3n por la salud de Mar\u00eda Valenzuela: volvi\u00f3 a ser internada"},"content":{"rendered":"\n<p>La actriz ingres\u00f3 este lunes a una cl\u00ednica psiqui\u00e1trica. La noticia fue confirmada por su hija Malena a Teleshow.<\/p>\n\n\n\n<p>En el mes de noviembre del 2024, Mar\u00eda Valenzuela tom\u00f3 la decisi\u00f3n de autointernarse en una cl\u00ednica ubicada en el oeste de Gran Buenos Aires para luchar contra un cuadro de angustia y estr\u00e9s. En este momento, Mar\u00eda atraviesa un nuevo episodio vinculado a su salud mental, luego de haberse bajado de la obra teatral que iba a protagonizar. La actriz, de extensa trayectoria en televisi\u00f3n y teatro, fue internada internada en una cl\u00ednica especializada, en un contexto que remite a los mismos antecedentes que tuvo en el pasado.<\/p>\n\n\n\n<p>El s\u00e1bado Valenzuela ingres\u00f3 a la guardia del Sanatorio de la Trinidad. Dos d\u00edas despu\u00e9s fue trasladada a un centro de salud mental para continuar con su atenci\u00f3n. La noticia fue confirmada por su hija, Malena, en di\u00e1logo con Teleshow. \u201cEst\u00e1 bien, est\u00e1 internada, pero est\u00e1 bien\u201d, expres\u00f3, sin dar detalles adicionales sobre el estado actual de la actriz ni sobre el diagn\u00f3stico cl\u00ednico.<\/p>\n","protected":false},"excerpt":{"rendered":"<p>La actriz ingres\u00f3 este lunes a una cl\u00ednica psiqui\u00e1trica. La noticia fue confirmada por su hija Malena a Teleshow. En el mes de noviembre del 2024, Mar\u00eda Valenzuela tom\u00f3 la decisi\u00f3n de autointernarse en una cl\u00ednica ubicada en el oeste de Gran Buenos Aires para luchar contra un cuadro de angustia y estr\u00e9s. En este [&hellip;]<\/p>\n","protected":false},"author":2,"featured_media":95142,"comment_status":"open","ping_status":"open","sticky":false,"template":"","format":"standard","meta":{"tdm_status":"","tdm_grid_status":"","_joinchat":[],"footnotes":""},"categories":[120],"tags":[],"class_list":{"0":"post-95141","1":"post","2":"type-post","3":"status-publish","4":"format-standard","5":"has-post-thumbnail","7":"category-espectaculos-2"},"amp_enabled":true,"_links":{"self":[{"href":"https:\/\/www.todoeldia.com\/index.php\/wp-json\/wp\/v2\/posts\/95141","targetHints":{"allow":["GET"]}}],"collection":[{"href":"https:\/\/www.todoeldia.com\/index.php\/wp-json\/wp\/v2\/posts"}],"about":[{"href":"https:\/\/www.todoeldia.com\/index.php\/wp-json\/wp\/v2\/types\/post"}],"author":[{"embeddable":true,"href":"https:\/\/www.todoeldia.com\/index.php\/wp-json\/wp\/v2\/users\/2"}],"replies":[{"embeddable":true,"href":"https:\/\/www.todoeldia.com\/index.php\/wp-json\/wp\/v2\/comments?post=95141"}],"version-history":[{"count":1,"href":"https:\/\/www.todoeldia.com\/index.php\/wp-json\/wp\/v2\/posts\/95141\/revisions"}],"predecessor-version":[{"id":95143,"href":"https:\/\/www.todoeldia.com\/index.php\/wp-json\/wp\/v2\/posts\/95141\/revisions\/95143"}],"wp:featuredmedia":[{"embeddable":true,"href":"https:\/\/www.todoeldia.com\/index.php\/wp-json\/wp\/v2\/media\/95142"}],"wp:attachment":[{"href":"https:\/\/www.todoeldia.com\/index.php\/wp-json\/wp\/v2\/media?parent=95141"}],"wp:term":[{"taxonomy":"category","embeddable":true,"href":"https:\/\/www.todoeldia.com\/index.php\/wp-json\/wp\/v2\/categories?post=95141"},{"taxonomy":"post_tag","embeddable":true,"href":"https:\/\/www.todoeldia.com\/index.php\/wp-json\/wp\/v2\/tags?post=95141"}],"curies":[{"name":"wp","href":"https:\/\/api.w.org\/{rel}","templated":true}]}}