{"id":95144,"date":"2025-05-14T14:58:22","date_gmt":"2025-05-14T17:58:22","guid":{"rendered":"https:\/\/www.todoeldia.com\/?p=95144"},"modified":"2025-05-14T14:58:23","modified_gmt":"2025-05-14T17:58:23","slug":"denunciaron-a-evo-morales-en-la-argentina-por-crimenes-de-lesa-humanidad","status":"publish","type":"post","link":"https:\/\/www.todoeldia.com\/index.php\/2025\/05\/14\/denunciaron-a-evo-morales-en-la-argentina-por-crimenes-de-lesa-humanidad\/","title":{"rendered":"Denunciaron a Evo Morales en la Argentina por cr\u00edmenes de lesa humanidad"},"content":{"rendered":"\n<p>Evo Morales Ayma, ex presidente de Bolivia, fue denunciado ante la Justicia argentina por graves delitos de lesa humanidad durante su mandato, que se extendi\u00f3 desde el 22 de enero de 2006 hasta el 10 de noviembre de 2019.<\/p>\n\n\n\n<p>La denuncia, anticipada este mi\u00e9rcoles por la periodista Carolina Amoroso en Infobae en Vivo, fue formalizada por el Foro Argentino por la Democracia en la Regi\u00f3n (FADER) y otros organismos que exigen que el caso sea investigado en el pa\u00eds en virtud del principio de jurisdicci\u00f3n universal.<\/p>\n\n\n\n<p>Antecedentes y contexto<\/p>\n\n\n\n<p>Durante los 14 a\u00f1os de presidencia de Morales, se perpetraron m\u00faltiples violaciones a los derechos humanos en Bolivia, categorizadas como masacres, torturas y tratos inhumanos, seg\u00fan informes de la Comisi\u00f3n Interamericana de Derechos Humanos (CIDH).<\/p>\n\n\n\n<p>La denuncia enfatiza que el sistema judicial boliviano est\u00e1 inhibido de actuar con independencia debido a presiones pol\u00edticas, lo cual justifica la intervenci\u00f3n argentina para asegurar justicia.<\/p>\n\n\n\n<p>Caso Dirk Schmidt<\/p>\n\n\n\n<p>Contexto : Dirk Schmidt, un ciudadano alem\u00e1n residente en Bolivia por m\u00e1s de treinta a\u00f1os, fue acusado injustamente de terrorismo y alzamiento armado.<\/p>\n\n\n\n<p>Eventos : En 2010, su domicilio fue allanado por la polic\u00eda boliviana sin orden judicial, y fue detenido bajo cargos de terrorismo debido a la posesi\u00f3n de armas deportivas legales.<\/p>\n\n\n\n<p>Consecuencias : Schmidt fue encarcelado en condiciones inhumanas durante m\u00e1s de dos a\u00f1os, sufriendo tratos crueles y un deterioro de su salud. A pesar de ser absuelto en 2014, continu\u00f3 estando bajo restricci\u00f3n de movimiento y enfrent\u00f3 hostigamiento hacia \u00e9l y su familia.<\/p>\n\n\n\n<p>Caso Terrorismo 1<\/p>\n\n\n\n<p>Contexto : Este caso involucr\u00f3 a varios ciudadanos (incluido Alejandro Melgar Pereira y otros) acusados de formar parte de una presunta c\u00e9lula terrorista con multas separatistas.<\/p>\n\n\n\n<p>Eventos : Fueron detenidos arbitrariamente, algunos huyeron al exilio y otros fueron encarcelados bajo condiciones precarias. Se les negaron derechos b\u00e1sicos como el debido proceso.<\/p>\n\n\n\n<p>Reconocimientos Oficiales : En 2020, fueron absueltos, y se reconoci\u00f3 que el caso fue una farsa motivada pol\u00edticamente.<\/p>\n\n\n\n<p>Caso Fondioc \/ Marco Antonio Aramayo<\/p>\n\n\n\n<p>Contexto : Marco Antonio Aramayo denunci\u00f3 irregularidades financieras en el Fondo Ind\u00edgena, enfrent\u00e1ndose a una persecuci\u00f3n judicial severa.<\/p>\n\n\n\n<p>Eventos : Fue sometido a 256 procesos judiciales en todo Bolivia, soportando torturas y condiciones extremas de detenci\u00f3n que llevaron a su muerte.<\/p>\n\n\n\n<p>Implicaciones : El caso ejemplifica el uso del sistema judicial como herramienta de represi\u00f3n pol\u00edtica bajo la administraci\u00f3n de Morales.<\/p>\n\n\n\n<p>Caso Alberto Leopoldo D\u00edez Luque<\/p>\n\n\n\n<p>Contexto : Detenido en 2017 debido a una equivocaci\u00f3n durante una revisi\u00f3n vehicular, donde un l\u00edquido fue incorrectamente identificado como coca\u00edna.<\/p>\n\n\n\n<p>Eventos : Fue arrestado y maltratado, aunque luego se prob\u00f3 que la sustancia era legal (Eucaliptol).<\/p>\n\n\n\n<p>En la demanda se acusa directamente a Morales de ordenar persecuciones pol\u00edticas que llevaron a detenciones arbitrarias, torturas y violaciones sistem\u00e1ticas de derechos humanos contra individuos percibidos como opositores pol\u00edticos. Estas acciones se habr\u00edan llevado a cabo con el conocimiento y la autorizaci\u00f3n expl\u00edcita de Morales durante eventos dram\u00e1ticos como el denominado \u201cCaso Terrorismo 1\u201d, donde varias personas fueron detenidas y acusadas sin pruebas de estar involucradas en actividades terroristas.<\/p>\n","protected":false},"excerpt":{"rendered":"<p>Evo Morales Ayma, ex presidente de Bolivia, fue denunciado ante la Justicia argentina por graves delitos de lesa humanidad durante su mandato, que se extendi\u00f3 desde el 22 de enero de 2006 hasta el 10 de noviembre de 2019. La denuncia, anticipada este mi\u00e9rcoles por la periodista Carolina Amoroso en Infobae en Vivo, fue formalizada [&hellip;]<\/p>\n","protected":false},"author":2,"featured_media":95145,"comment_status":"open","ping_status":"open","sticky":false,"template":"","format":"standard","meta":{"tdm_status":"","tdm_grid_status":"","_joinchat":[],"footnotes":""},"categories":[63],"tags":[],"class_list":{"0":"post-95144","1":"post","2":"type-post","3":"status-publish","4":"format-standard","5":"has-post-thumbnail","7":"category-policiales"},"amp_enabled":true,"_links":{"self":[{"href":"https:\/\/www.todoeldia.com\/index.php\/wp-json\/wp\/v2\/posts\/95144","targetHints":{"allow":["GET"]}}],"collection":[{"href":"https:\/\/www.todoeldia.com\/index.php\/wp-json\/wp\/v2\/posts"}],"about":[{"href":"https:\/\/www.todoeldia.com\/index.php\/wp-json\/wp\/v2\/types\/post"}],"author":[{"embeddable":true,"href":"https:\/\/www.todoeldia.com\/index.php\/wp-json\/wp\/v2\/users\/2"}],"replies":[{"embeddable":true,"href":"https:\/\/www.todoeldia.com\/index.php\/wp-json\/wp\/v2\/comments?post=95144"}],"version-history":[{"count":1,"href":"https:\/\/www.todoeldia.com\/index.php\/wp-json\/wp\/v2\/posts\/95144\/revisions"}],"predecessor-version":[{"id":95146,"href":"https:\/\/www.todoeldia.com\/index.php\/wp-json\/wp\/v2\/posts\/95144\/revisions\/95146"}],"wp:featuredmedia":[{"embeddable":true,"href":"https:\/\/www.todoeldia.com\/index.php\/wp-json\/wp\/v2\/media\/95145"}],"wp:attachment":[{"href":"https:\/\/www.todoeldia.com\/index.php\/wp-json\/wp\/v2\/media?parent=95144"}],"wp:term":[{"taxonomy":"category","embeddable":true,"href":"https:\/\/www.todoeldia.com\/index.php\/wp-json\/wp\/v2\/categories?post=95144"},{"taxonomy":"post_tag","embeddable":true,"href":"https:\/\/www.todoeldia.com\/index.php\/wp-json\/wp\/v2\/tags?post=95144"}],"curies":[{"name":"wp","href":"https:\/\/api.w.org\/{rel}","templated":true}]}}