{"id":95147,"date":"2025-05-14T15:04:07","date_gmt":"2025-05-14T18:04:07","guid":{"rendered":"https:\/\/www.todoeldia.com\/?p=95147"},"modified":"2025-05-14T15:04:08","modified_gmt":"2025-05-14T18:04:08","slug":"la-vieja-y-el-tuerto-una-de-las-frases-mas-recordadas-de-jose-pepe-mujica","status":"publish","type":"post","link":"https:\/\/www.todoeldia.com\/index.php\/2025\/05\/14\/la-vieja-y-el-tuerto-una-de-las-frases-mas-recordadas-de-jose-pepe-mujica\/","title":{"rendered":"\u201cLa vieja y el tuerto\u201d Una de las frases m\u00e1s recordadas de Jos\u00e9 \u201cPepe\u201d Mujica"},"content":{"rendered":"\n<p>Reconocido por su estilo directo y su postura cr\u00edtica hacia los sistemas de poder establecidos, el ex presidente uruguayo fue una figura que, a lo largo de su vida, gener\u00f3 tanto admiraci\u00f3n como controversia<\/p>\n\n\n\n<p>Uno de los momentos m\u00e1s controversiales de Mujica fue cuando, en una conversaci\u00f3n privada que se transmiti\u00f3 accidentalmente, se refiri\u00f3 de manera despectiva a Cristina Fern\u00e1ndez de Kirchner, ex presidenta de Argentina, con quien manten\u00eda diferencias pol\u00edticas. Dijo:<\/p>\n\n\n\n<p>\u201cEsa vieja es peor que el tuerto. El tuerto era m\u00e1s pol\u00edtico, esta es m\u00e1s terca.\u201d<\/p>\n\n\n\n<p>\u201cLargar el pastel\u201d<\/p>\n\n\n\n<figure class=\"wp-block-image size-full is-resized\"><img loading=\"lazy\" decoding=\"async\" width=\"698\" height=\"449\" src=\"https:\/\/www.todoeldia.com\/wp-content\/uploads\/2025\/05\/image-78.png\" alt=\"\" class=\"wp-image-95149\" style=\"width:1055px;height:auto\" srcset=\"https:\/\/www.todoeldia.com\/wp-content\/uploads\/2025\/05\/image-78.png 698w, https:\/\/www.todoeldia.com\/wp-content\/uploads\/2025\/05\/image-78-300x193.png 300w, https:\/\/www.todoeldia.com\/wp-content\/uploads\/2025\/05\/image-78-653x420.png 653w, https:\/\/www.todoeldia.com\/wp-content\/uploads\/2025\/05\/image-78-696x448.png 696w\" sizes=\"auto, (max-width: 698px) 100vw, 698px\" \/><\/figure>\n\n\n\n<p>\u201cAh\u00ed est\u00e1 la vieja Kirchner en la Argentina, al frente del peronismo. En lugar de ponerse de vieja consejera y dejar nuevas generaciones, no, est\u00e1 jodiendo ah\u00ed. \u00a1C\u00f3mo les cuesta largar el pastel! \u00a1Que lo pari\u00f3!\u201d.<\/p>\n\n\n\n<p>Lo expres\u00f3 el 29 de noviembre de 2024, en entrevista con la AFP y hablando de Cristina Kirchner, dos veces presidenta de Argentina (2007-2015).<\/p>\n\n\n\n<p>Jos\u00e9 Mujica, m\u00e1s all\u00e1 de sus frases y discursos, dej\u00f3 un legado pol\u00edtico que marc\u00f3 a Uruguay y al mundo. Desde su cr\u00edtica al consumismo y la pobreza estructural, hasta su lucha por los derechos humanos y su defensa de los valores republicanos, Mujica siempre estuvo dispuesto a confrontar el poder establecido.<\/p>\n","protected":false},"excerpt":{"rendered":"<p>Reconocido por su estilo directo y su postura cr\u00edtica hacia los sistemas de poder establecidos, el ex presidente uruguayo fue una figura que, a lo largo de su vida, gener\u00f3 tanto admiraci\u00f3n como controversia Uno de los momentos m\u00e1s controversiales de Mujica fue cuando, en una conversaci\u00f3n privada que se transmiti\u00f3 accidentalmente, se refiri\u00f3 de [&hellip;]<\/p>\n","protected":false},"author":2,"featured_media":95148,"comment_status":"open","ping_status":"open","sticky":false,"template":"","format":"standard","meta":{"tdm_status":"","tdm_grid_status":"","_joinchat":[],"footnotes":""},"categories":[73],"tags":[],"class_list":{"0":"post-95147","1":"post","2":"type-post","3":"status-publish","4":"format-standard","5":"has-post-thumbnail","7":"category-noticias-general"},"amp_enabled":true,"_links":{"self":[{"href":"https:\/\/www.todoeldia.com\/index.php\/wp-json\/wp\/v2\/posts\/95147","targetHints":{"allow":["GET"]}}],"collection":[{"href":"https:\/\/www.todoeldia.com\/index.php\/wp-json\/wp\/v2\/posts"}],"about":[{"href":"https:\/\/www.todoeldia.com\/index.php\/wp-json\/wp\/v2\/types\/post"}],"author":[{"embeddable":true,"href":"https:\/\/www.todoeldia.com\/index.php\/wp-json\/wp\/v2\/users\/2"}],"replies":[{"embeddable":true,"href":"https:\/\/www.todoeldia.com\/index.php\/wp-json\/wp\/v2\/comments?post=95147"}],"version-history":[{"count":1,"href":"https:\/\/www.todoeldia.com\/index.php\/wp-json\/wp\/v2\/posts\/95147\/revisions"}],"predecessor-version":[{"id":95150,"href":"https:\/\/www.todoeldia.com\/index.php\/wp-json\/wp\/v2\/posts\/95147\/revisions\/95150"}],"wp:featuredmedia":[{"embeddable":true,"href":"https:\/\/www.todoeldia.com\/index.php\/wp-json\/wp\/v2\/media\/95148"}],"wp:attachment":[{"href":"https:\/\/www.todoeldia.com\/index.php\/wp-json\/wp\/v2\/media?parent=95147"}],"wp:term":[{"taxonomy":"category","embeddable":true,"href":"https:\/\/www.todoeldia.com\/index.php\/wp-json\/wp\/v2\/categories?post=95147"},{"taxonomy":"post_tag","embeddable":true,"href":"https:\/\/www.todoeldia.com\/index.php\/wp-json\/wp\/v2\/tags?post=95147"}],"curies":[{"name":"wp","href":"https:\/\/api.w.org\/{rel}","templated":true}]}}