{"id":95158,"date":"2025-05-14T15:39:46","date_gmt":"2025-05-14T18:39:46","guid":{"rendered":"https:\/\/www.todoeldia.com\/?p=95158"},"modified":"2025-05-14T15:39:47","modified_gmt":"2025-05-14T18:39:47","slug":"rechazaron-la-candidatura-de-evo-morales-en-bolivia-y-el-presidente-luis-arce-renuncio-a-la-reeleccion","status":"publish","type":"post","link":"https:\/\/www.todoeldia.com\/index.php\/2025\/05\/14\/rechazaron-la-candidatura-de-evo-morales-en-bolivia-y-el-presidente-luis-arce-renuncio-a-la-reeleccion\/","title":{"rendered":"Rechazaron la candidatura de Evo Morales en Bolivia y el presidente Luis Arce renunci\u00f3 a la reelecci\u00f3n"},"content":{"rendered":"\n<p>El titular del Senado, Andr\u00f3nico Rodr\u00edguez, se abre paso como referente de la izquierda.<\/p>\n\n\n\n<p>Evo Morales qued\u00f3 inhabilitado este mi\u00e9rcoles para ser candidato en las elecciones presidenciales del 17 de agosto pr\u00f3ximo en Bolivia, despu\u00e9s que el Tribunal Constitucional Plurinacional (TCP) estableci\u00f3 que la reelecci\u00f3n es por una sola vez de forma continua y sin posibilidad de un tercer mandato.<\/p>\n\n\n\n<p>El fallo coincidi\u00f3 con la renuncia a su candidatura de actual presidente Luis Arce, enemigo interno de Morales y cuya popularidad est\u00e1 por el piso en medio de una crisis econ\u00f3mica marcada por la falta de d\u00f3lares, la escasez de combustible y la inflaci\u00f3n.<\/p>\n\n\n\n<p>Qu\u00e9 pasar\u00e1 con la candidatura de Evo Morales<\/p>\n\n\n\n<p>La decisi\u00f3n del Tribunal Constitucional Plurinacional aclar\u00f3 el art\u00edculo 168 de la Constituci\u00f3n, que establece que el presidente y vicepresidente del Estado pueden ser reelectos \u201cpor una sola vez de manera continua\u201d y que dejaba dudas sobre si era permitida la reelecci\u00f3n discontinua.<\/p>\n\n\n\n<p>\u201cEl presidente y el vicepresidente est\u00e1n habilitados para una reelecci\u00f3n por una sola vez de manera continua; considerando que el t\u00e9rmino \u2018una sola vez\u2019 implica tambi\u00e9n la limitaci\u00f3n de alcanzar un tercer mandato, sea de forma continua o discontinua\u201d, aclar\u00f3 la resoluci\u00f3n.<\/p>\n","protected":false},"excerpt":{"rendered":"<p>El titular del Senado, Andr\u00f3nico Rodr\u00edguez, se abre paso como referente de la izquierda. Evo Morales qued\u00f3 inhabilitado este mi\u00e9rcoles para ser candidato en las elecciones presidenciales del 17 de agosto pr\u00f3ximo en Bolivia, despu\u00e9s que el Tribunal Constitucional Plurinacional (TCP) estableci\u00f3 que la reelecci\u00f3n es por una sola vez de forma continua y sin [&hellip;]<\/p>\n","protected":false},"author":2,"featured_media":95159,"comment_status":"open","ping_status":"open","sticky":false,"template":"","format":"standard","meta":{"tdm_status":"","tdm_grid_status":"","_joinchat":[],"footnotes":""},"categories":[59],"tags":[],"class_list":{"0":"post-95158","1":"post","2":"type-post","3":"status-publish","4":"format-standard","5":"has-post-thumbnail","7":"category-politica"},"amp_enabled":true,"_links":{"self":[{"href":"https:\/\/www.todoeldia.com\/index.php\/wp-json\/wp\/v2\/posts\/95158","targetHints":{"allow":["GET"]}}],"collection":[{"href":"https:\/\/www.todoeldia.com\/index.php\/wp-json\/wp\/v2\/posts"}],"about":[{"href":"https:\/\/www.todoeldia.com\/index.php\/wp-json\/wp\/v2\/types\/post"}],"author":[{"embeddable":true,"href":"https:\/\/www.todoeldia.com\/index.php\/wp-json\/wp\/v2\/users\/2"}],"replies":[{"embeddable":true,"href":"https:\/\/www.todoeldia.com\/index.php\/wp-json\/wp\/v2\/comments?post=95158"}],"version-history":[{"count":1,"href":"https:\/\/www.todoeldia.com\/index.php\/wp-json\/wp\/v2\/posts\/95158\/revisions"}],"predecessor-version":[{"id":95160,"href":"https:\/\/www.todoeldia.com\/index.php\/wp-json\/wp\/v2\/posts\/95158\/revisions\/95160"}],"wp:featuredmedia":[{"embeddable":true,"href":"https:\/\/www.todoeldia.com\/index.php\/wp-json\/wp\/v2\/media\/95159"}],"wp:attachment":[{"href":"https:\/\/www.todoeldia.com\/index.php\/wp-json\/wp\/v2\/media?parent=95158"}],"wp:term":[{"taxonomy":"category","embeddable":true,"href":"https:\/\/www.todoeldia.com\/index.php\/wp-json\/wp\/v2\/categories?post=95158"},{"taxonomy":"post_tag","embeddable":true,"href":"https:\/\/www.todoeldia.com\/index.php\/wp-json\/wp\/v2\/tags?post=95158"}],"curies":[{"name":"wp","href":"https:\/\/api.w.org\/{rel}","templated":true}]}}